{"id":9798,"date":"2025-11-28T20:24:03","date_gmt":"2025-11-28T19:24:03","guid":{"rendered":"https:\/\/martina-gleissenebner-teskey.com\/?p=9798"},"modified":"2025-11-28T20:27:43","modified_gmt":"2025-11-28T19:27:43","slug":"vernissage-real","status":"publish","type":"post","link":"https:\/\/martina-gleissenebner-teskey.com\/en\/2025\/11\/28\/vernissage-echt\/","title":{"rendered":"Vernissage: ECHT!"},"content":{"rendered":"<div id=\"fws_69f34e8361c74\"  data-column-margin=\"default\" data-midnight=\"dark\"  class=\"wpb_row vc_row-fluid vc_row\"  style=\"padding-top: 0px; padding-bottom: 0px; \"><div class=\"row-bg-wrap\" data-bg-animation=\"none\" data-bg-animation-delay=\"\" data-bg-overlay=\"false\"><div class=\"inner-wrap row-bg-layer\" ><div class=\"row-bg viewport-desktop\"  style=\"\"><\/div><\/div><\/div><div class=\"row_col_wrap_12 col span_12 dark left\">\n\t<div  class=\"vc_col-sm-12 wpb_column column_container vc_column_container col no-extra-padding inherit_tablet inherit_phone\"  data-padding-pos=\"all\" data-has-bg-color=\"false\" data-bg-color=\"\" data-bg-opacity=\"1\" data-animation=\"\" data-delay=\"0\" >\n\t\t<div class=\"vc_column-inner\" >\n\t\t\t<div class=\"wpb_wrapper\">\n\t\t\t\t<div id=\"fws_69f34e83628ee\" data-midnight=\"\" data-column-margin=\"default\" class=\"wpb_row vc_row-fluid vc_row inner_row vc_row-o-equal-height vc_row-flex vc_row-o-content-top\"  style=\"\"><div class=\"row-bg-wrap\"> <div class=\"row-bg\" ><\/div> <\/div><div class=\"row_col_wrap_12_inner col span_12  left\">\n\t<div  class=\"vc_col-sm-12 wpb_column column_container vc_column_container col child_column no-extra-padding inherit_tablet inherit_phone\"   data-padding-pos=\"all\" data-has-bg-color=\"false\" data-bg-color=\"\" data-bg-opacity=\"1\" data-animation=\"\" data-delay=\"0\" >\n\t\t<div class=\"vc_column-inner\" >\n\t\t<div class=\"wpb_wrapper\">\n\t\t\t\n\t<div class=\"wpb_gallery wpb_content_element clearfix\">\n\t\t<div class=\"wpb_wrapper\"><div class=\"wpb_gallery_slidesimage_grid\" data-onclick=\"link_image\" data-interval=\"5\">\n\n\t<div class=\"portfolio-wrap\">\n\n\t\t\t<span class=\"portfolio-loading\"><\/span>\n\n\t\t\t<div class=\"row portfolio-items masonry-items\" data-starting-filter=\"\" data-gutter=\"3px\" data-masonry-type=\"photography\" data-bypass-cropping=\"true\"  data-ps=\"8\" data-loading=\"default\" data-categories-to-show=\"\" data-col-num=\"elastic\">\n\n\n\n\t\n\t\t\t\t\t\t\t<div class=\"col elastic-portfolio-item regular element\" data-project-cat=\"\" data-default-color=\"true\" data-title-color=\"\" data-subtitle-color=\"\">\n\n\t\t\t\t\t\t\t<div class=\"inner-wrap animated\" data-animation=\"none\">\n\n\t\t\t\t\t\t\t\n\t\t\t\t\t\t\t<div class=\"work-item style-2\">\n\n\t\t\t\t\t\t\t\t<img loading=\"lazy\" decoding=\"async\" width=\"1080\" height=\"1444\" src=\"https:\/\/martina-gleissenebner-teskey.com\/wp-content\/uploads\/2025\/11\/IMG_0859-min-3000x4011.jpg\" class=\"skip-lazy top-level-image attachment-large\" alt=\"\" title=\"Martina Gleissenebner-Teskey at ECHT\" srcset=\"https:\/\/martina-gleissenebner-teskey.com\/wp-content\/uploads\/2025\/11\/IMG_0859-min-3000x4011.jpg 3000w, https:\/\/martina-gleissenebner-teskey.com\/wp-content\/uploads\/2025\/11\/IMG_0859-min-224x300.jpg 224w, https:\/\/martina-gleissenebner-teskey.com\/wp-content\/uploads\/2025\/11\/IMG_0859-min-768x1027.jpg 768w, https:\/\/martina-gleissenebner-teskey.com\/wp-content\/uploads\/2025\/11\/IMG_0859-min-1149x1536.jpg 1149w, https:\/\/martina-gleissenebner-teskey.com\/wp-content\/uploads\/2025\/11\/IMG_0859-min-1532x2048.jpg 1532w, https:\/\/martina-gleissenebner-teskey.com\/wp-content\/uploads\/2025\/11\/IMG_0859-min-9x12.jpg 9w, https:\/\/martina-gleissenebner-teskey.com\/wp-content\/uploads\/2025\/11\/IMG_0859-min-350x467.jpg 350w, https:\/\/martina-gleissenebner-teskey.com\/wp-content\/uploads\/2025\/11\/IMG_0859-min-scaled.jpg 1915w\" sizes=\"auto, (max-width: 1080px) 100vw, 1080px\" \/>\n\t\t\t\t\t\t\t\t<div class=\"work-info-bg\"><\/div>\n\t\t\t\t\t\t\t\t<div class=\"work-info\">\n\n\n\t\t\t\t\t\t\t\t\t\t\t\t\t\t\t\t\t   \t\t\t <a href=\"https:\/\/martina-gleissenebner-teskey.com\/wp-content\/uploads\/2025\/11\/IMG_0859-min-scaled.jpg\" class=\"pretty_photo\"><\/a>\n\t\t\t\t\t\t\t\t   \t\t\n\t\t\t\t\t\t\t\t\t\t<div class=\"vert-center\">\n\t\t\t\t\t\t\t\t\t\t\t\n\t\t\t\t\t\t\t\t\t\t\t\t<p><\/p>\n\t\t\t\t\t\t\t\t\t\t\t\t\t\t\t\t\t\t\t\t\t\t\t\t\t<h3>Martina Gleissenebner-Teskey at ECHT<\/h3>\n\t\t\t\t\t\t\t\t\t\t\t\t\n\t\t\t\t\t\t\t\t\t\t\t\t\t\t\t\t\t\t\t\t\t\t<svg class=\"next-arrow\" xmlns=\"http:\/\/www.w3.org\/2000\/svg\" xmlns:xlink=\"http:\/\/www.w3.org\/1999\/xlink\" viewbox=\"0 0 39 12\"><line class=\"top\" x1=\"23\" y1=\"-0.5\" x2=\"29.5\" y2=\"6.5\" stroke=\"#ffffff;\"\/>\n                        <line class=\"bottom\" x1=\"23\" y1=\"12.5\" x2=\"29.5\" y2=\"5.5\" stroke=\"#ffffff;\"\/>\n                      <\/svg>\n                      <span class=\"line\"><\/span>\n                    <\/span>\n\n\t\t\t\t\t\t\t\t\t\t<\/div><!--\/vert-center-->\n\n\t\t\t\t\t\t\t\t\t\n\n\t\t\t\t\t\t\t\t<\/div>\n\t\t\t\t\t\t\t<\/div><!--work-item-->\n\n\t\t\t\t\t\t\n\n\t\t\t\t\t\t<\/div><\/div> \n\t\t\t\t\t\t\n\t\t\t\t\t\t\t<div class=\"col elastic-portfolio-item regular element\" data-project-cat=\"\" data-default-color=\"true\" data-title-color=\"\" data-subtitle-color=\"\">\n\n\t\t\t\t\t\t\t<div class=\"inner-wrap animated\" data-animation=\"none\">\n\n\t\t\t\t\t\t\t\n\t\t\t\t\t\t\t<div class=\"work-item style-2\">\n\n\t\t\t\t\t\t\t\t<img loading=\"lazy\" decoding=\"async\" width=\"1080\" height=\"1440\" src=\"https:\/\/martina-gleissenebner-teskey.com\/wp-content\/uploads\/2025\/11\/IMG_4649-min-3000x4000.jpg\" class=\"skip-lazy top-level-image attachment-large\" alt=\"\" title=\"Interview in the exhibition catalog\" srcset=\"https:\/\/martina-gleissenebner-teskey.com\/wp-content\/uploads\/2025\/11\/IMG_4649-min-3000x4000.jpg 3000w, https:\/\/martina-gleissenebner-teskey.com\/wp-content\/uploads\/2025\/11\/IMG_4649-min-225x300.jpg 225w, https:\/\/martina-gleissenebner-teskey.com\/wp-content\/uploads\/2025\/11\/IMG_4649-min-768x1024.jpg 768w, https:\/\/martina-gleissenebner-teskey.com\/wp-content\/uploads\/2025\/11\/IMG_4649-min-1152x1536.jpg 1152w, https:\/\/martina-gleissenebner-teskey.com\/wp-content\/uploads\/2025\/11\/IMG_4649-min-1536x2048.jpg 1536w, https:\/\/martina-gleissenebner-teskey.com\/wp-content\/uploads\/2025\/11\/IMG_4649-min-9x12.jpg 9w, https:\/\/martina-gleissenebner-teskey.com\/wp-content\/uploads\/2025\/11\/IMG_4649-min-450x600.jpg 450w, https:\/\/martina-gleissenebner-teskey.com\/wp-content\/uploads\/2025\/11\/IMG_4649-min-350x467.jpg 350w, https:\/\/martina-gleissenebner-teskey.com\/wp-content\/uploads\/2025\/11\/IMG_4649-min-900x1200.jpg 900w, https:\/\/martina-gleissenebner-teskey.com\/wp-content\/uploads\/2025\/11\/IMG_4649-min-scaled.jpg 1920w\" sizes=\"auto, (max-width: 1080px) 100vw, 1080px\" \/>\n\t\t\t\t\t\t\t\t<div class=\"work-info-bg\"><\/div>\n\t\t\t\t\t\t\t\t<div class=\"work-info\">\n\n\n\t\t\t\t\t\t\t\t\t\t\t\t\t\t\t\t\t   \t\t\t <a href=\"https:\/\/martina-gleissenebner-teskey.com\/wp-content\/uploads\/2025\/11\/IMG_4649-min-scaled.jpg\" class=\"pretty_photo\"><\/a>\n\t\t\t\t\t\t\t\t   \t\t\n\t\t\t\t\t\t\t\t\t\t<div class=\"vert-center\">\n\t\t\t\t\t\t\t\t\t\t\t\n\t\t\t\t\t\t\t\t\t\t\t\t<p><\/p>\n\t\t\t\t\t\t\t\t\t\t\t\t\t\t\t\t\t\t\t\t\t\t\t\t\t<h3>Interview in the exhibition catalog<\/h3>\n\t\t\t\t\t\t\t\t\t\t\t\t\n\t\t\t\t\t\t\t\t\t\t\t\t\t\t\t\t\t\t\t\t\t\t<svg class=\"next-arrow\" xmlns=\"http:\/\/www.w3.org\/2000\/svg\" xmlns:xlink=\"http:\/\/www.w3.org\/1999\/xlink\" viewbox=\"0 0 39 12\"><line class=\"top\" x1=\"23\" y1=\"-0.5\" x2=\"29.5\" y2=\"6.5\" stroke=\"#ffffff;\"\/>\n                        <line class=\"bottom\" x1=\"23\" y1=\"12.5\" x2=\"29.5\" y2=\"5.5\" stroke=\"#ffffff;\"\/>\n                      <\/svg>\n                      <span class=\"line\"><\/span>\n                    <\/span>\n\n\t\t\t\t\t\t\t\t\t\t<\/div><!--\/vert-center-->\n\n\t\t\t\t\t\t\t\t\t\n\n\t\t\t\t\t\t\t\t<\/div>\n\t\t\t\t\t\t\t<\/div><!--work-item-->\n\n\t\t\t\t\t\t\n\n\t\t\t\t\t\t<\/div><\/div> \n\t\t\t\t\t\t\n\t\t\t\t\t\t\t<div class=\"col elastic-portfolio-item regular element\" data-project-cat=\"\" data-default-color=\"true\" data-title-color=\"\" data-subtitle-color=\"\">\n\n\t\t\t\t\t\t\t<div class=\"inner-wrap animated\" data-animation=\"none\">\n\n\t\t\t\t\t\t\t\n\t\t\t\t\t\t\t<div class=\"work-item style-2\">\n\n\t\t\t\t\t\t\t\t<img loading=\"lazy\" decoding=\"async\" width=\"1080\" height=\"1440\" src=\"https:\/\/martina-gleissenebner-teskey.com\/wp-content\/uploads\/2025\/11\/IMG_4647-min-3000x4000.jpg\" class=\"skip-lazy top-level-image attachment-large\" alt=\"\" title=\"Embrace the child you were, by Robert Breber\" srcset=\"https:\/\/martina-gleissenebner-teskey.com\/wp-content\/uploads\/2025\/11\/IMG_4647-min-3000x4000.jpg 3000w, https:\/\/martina-gleissenebner-teskey.com\/wp-content\/uploads\/2025\/11\/IMG_4647-min-225x300.jpg 225w, https:\/\/martina-gleissenebner-teskey.com\/wp-content\/uploads\/2025\/11\/IMG_4647-min-768x1024.jpg 768w, https:\/\/martina-gleissenebner-teskey.com\/wp-content\/uploads\/2025\/11\/IMG_4647-min-1152x1536.jpg 1152w, https:\/\/martina-gleissenebner-teskey.com\/wp-content\/uploads\/2025\/11\/IMG_4647-min-1536x2048.jpg 1536w, https:\/\/martina-gleissenebner-teskey.com\/wp-content\/uploads\/2025\/11\/IMG_4647-min-9x12.jpg 9w, https:\/\/martina-gleissenebner-teskey.com\/wp-content\/uploads\/2025\/11\/IMG_4647-min-450x600.jpg 450w, https:\/\/martina-gleissenebner-teskey.com\/wp-content\/uploads\/2025\/11\/IMG_4647-min-350x467.jpg 350w, https:\/\/martina-gleissenebner-teskey.com\/wp-content\/uploads\/2025\/11\/IMG_4647-min-900x1200.jpg 900w, https:\/\/martina-gleissenebner-teskey.com\/wp-content\/uploads\/2025\/11\/IMG_4647-min-scaled.jpg 1920w\" sizes=\"auto, (max-width: 1080px) 100vw, 1080px\" \/>\n\t\t\t\t\t\t\t\t<div class=\"work-info-bg\"><\/div>\n\t\t\t\t\t\t\t\t<div class=\"work-info\">\n\n\n\t\t\t\t\t\t\t\t\t\t\t\t\t\t\t\t\t   \t\t\t <a href=\"https:\/\/martina-gleissenebner-teskey.com\/wp-content\/uploads\/2025\/11\/IMG_4647-min-scaled.jpg\" class=\"pretty_photo\"><\/a>\n\t\t\t\t\t\t\t\t   \t\t\n\t\t\t\t\t\t\t\t\t\t<div class=\"vert-center\">\n\t\t\t\t\t\t\t\t\t\t\t\n\t\t\t\t\t\t\t\t\t\t\t\t<p><\/p>\n\t\t\t\t\t\t\t\t\t\t\t\t\t\t\t\t\t\t\t\t\t\t\t\t\t<h3>Embrace the child you were, by Robert Breber<\/h3>\n\t\t\t\t\t\t\t\t\t\t\t\t\n\t\t\t\t\t\t\t\t\t\t\t\t\t\t\t\t\t\t\t\t\t\t<svg class=\"next-arrow\" xmlns=\"http:\/\/www.w3.org\/2000\/svg\" xmlns:xlink=\"http:\/\/www.w3.org\/1999\/xlink\" viewbox=\"0 0 39 12\"><line class=\"top\" x1=\"23\" y1=\"-0.5\" x2=\"29.5\" y2=\"6.5\" stroke=\"#ffffff;\"\/>\n                        <line class=\"bottom\" x1=\"23\" y1=\"12.5\" x2=\"29.5\" y2=\"5.5\" stroke=\"#ffffff;\"\/>\n                      <\/svg>\n                      <span class=\"line\"><\/span>\n                    <\/span>\n\n\t\t\t\t\t\t\t\t\t\t<\/div><!--\/vert-center-->\n\n\t\t\t\t\t\t\t\t\t\n\n\t\t\t\t\t\t\t\t<\/div>\n\t\t\t\t\t\t\t<\/div><!--work-item-->\n\n\t\t\t\t\t\t\n\n\t\t\t\t\t\t<\/div><\/div> \n\t\t\t\t\t\t\n\t\t\t\t\t\t\t<div class=\"col elastic-portfolio-item regular element\" data-project-cat=\"\" data-default-color=\"true\" data-title-color=\"\" data-subtitle-color=\"\">\n\n\t\t\t\t\t\t\t<div class=\"inner-wrap animated\" data-animation=\"none\">\n\n\t\t\t\t\t\t\t\n\t\t\t\t\t\t\t<div class=\"work-item style-2\">\n\n\t\t\t\t\t\t\t\t<img loading=\"lazy\" decoding=\"async\" width=\"1080\" height=\"1444\" src=\"https:\/\/martina-gleissenebner-teskey.com\/wp-content\/uploads\/2025\/11\/IMG_0861-min-3000x4011.jpg\" class=\"skip-lazy top-level-image attachment-large\" alt=\"\" title=\"Exhibition ECHT\" srcset=\"https:\/\/martina-gleissenebner-teskey.com\/wp-content\/uploads\/2025\/11\/IMG_0861-min-3000x4011.jpg 3000w, https:\/\/martina-gleissenebner-teskey.com\/wp-content\/uploads\/2025\/11\/IMG_0861-min-224x300.jpg 224w, https:\/\/martina-gleissenebner-teskey.com\/wp-content\/uploads\/2025\/11\/IMG_0861-min-768x1027.jpg 768w, https:\/\/martina-gleissenebner-teskey.com\/wp-content\/uploads\/2025\/11\/IMG_0861-min-1149x1536.jpg 1149w, https:\/\/martina-gleissenebner-teskey.com\/wp-content\/uploads\/2025\/11\/IMG_0861-min-1532x2048.jpg 1532w, https:\/\/martina-gleissenebner-teskey.com\/wp-content\/uploads\/2025\/11\/IMG_0861-min-9x12.jpg 9w, https:\/\/martina-gleissenebner-teskey.com\/wp-content\/uploads\/2025\/11\/IMG_0861-min-350x467.jpg 350w, https:\/\/martina-gleissenebner-teskey.com\/wp-content\/uploads\/2025\/11\/IMG_0861-min-scaled.jpg 1915w\" sizes=\"auto, (max-width: 1080px) 100vw, 1080px\" \/>\n\t\t\t\t\t\t\t\t<div class=\"work-info-bg\"><\/div>\n\t\t\t\t\t\t\t\t<div class=\"work-info\">\n\n\n\t\t\t\t\t\t\t\t\t\t\t\t\t\t\t\t\t   \t\t\t <a href=\"https:\/\/martina-gleissenebner-teskey.com\/wp-content\/uploads\/2025\/11\/IMG_0861-min-scaled.jpg\" class=\"pretty_photo\"><\/a>\n\t\t\t\t\t\t\t\t   \t\t\n\t\t\t\t\t\t\t\t\t\t<div class=\"vert-center\">\n\t\t\t\t\t\t\t\t\t\t\t\n\t\t\t\t\t\t\t\t\t\t\t\t<p><\/p>\n\t\t\t\t\t\t\t\t\t\t\t\t\t\t\t\t\t\t\t\t\t\t\t\t\t<h3>Exhibition ECHT<\/h3>\n\t\t\t\t\t\t\t\t\t\t\t\t\n\t\t\t\t\t\t\t\t\t\t\t\t\t\t\t\t\t\t\t\t\t\t<svg class=\"next-arrow\" xmlns=\"http:\/\/www.w3.org\/2000\/svg\" xmlns:xlink=\"http:\/\/www.w3.org\/1999\/xlink\" viewbox=\"0 0 39 12\"><line class=\"top\" x1=\"23\" y1=\"-0.5\" x2=\"29.5\" y2=\"6.5\" stroke=\"#ffffff;\"\/>\n                        <line class=\"bottom\" x1=\"23\" y1=\"12.5\" x2=\"29.5\" y2=\"5.5\" stroke=\"#ffffff;\"\/>\n                      <\/svg>\n                      <span class=\"line\"><\/span>\n                    <\/span>\n\n\t\t\t\t\t\t\t\t\t\t<\/div><!--\/vert-center-->\n\n\t\t\t\t\t\t\t\t\t\n\n\t\t\t\t\t\t\t\t<\/div>\n\t\t\t\t\t\t\t<\/div><!--work-item-->\n\n\t\t\t\t\t\t\n\n\t\t\t\t\t\t<\/div><\/div> \n\t\t\t\t\t\t\n\t\t\t\t\t\t\t<div class=\"col elastic-portfolio-item regular element\" data-project-cat=\"\" data-default-color=\"true\" data-title-color=\"\" data-subtitle-color=\"\">\n\n\t\t\t\t\t\t\t<div class=\"inner-wrap animated\" data-animation=\"none\">\n\n\t\t\t\t\t\t\t\n\t\t\t\t\t\t\t<div class=\"work-item style-2\">\n\n\t\t\t\t\t\t\t\t<img loading=\"lazy\" decoding=\"async\" width=\"1080\" height=\"1440\" src=\"https:\/\/martina-gleissenebner-teskey.com\/wp-content\/uploads\/2025\/11\/IMG_0920-min-3000x4000.jpg\" class=\"skip-lazy top-level-image attachment-large\" alt=\"\" title=\"On stage with Doris Schulz and Marie Theiner\" srcset=\"https:\/\/martina-gleissenebner-teskey.com\/wp-content\/uploads\/2025\/11\/IMG_0920-min-3000x4000.jpg 3000w, https:\/\/martina-gleissenebner-teskey.com\/wp-content\/uploads\/2025\/11\/IMG_0920-min-225x300.jpg 225w, https:\/\/martina-gleissenebner-teskey.com\/wp-content\/uploads\/2025\/11\/IMG_0920-min-768x1024.jpg 768w, https:\/\/martina-gleissenebner-teskey.com\/wp-content\/uploads\/2025\/11\/IMG_0920-min-1152x1536.jpg 1152w, https:\/\/martina-gleissenebner-teskey.com\/wp-content\/uploads\/2025\/11\/IMG_0920-min-1536x2048.jpg 1536w, https:\/\/martina-gleissenebner-teskey.com\/wp-content\/uploads\/2025\/11\/IMG_0920-min-9x12.jpg 9w, https:\/\/martina-gleissenebner-teskey.com\/wp-content\/uploads\/2025\/11\/IMG_0920-min-450x600.jpg 450w, https:\/\/martina-gleissenebner-teskey.com\/wp-content\/uploads\/2025\/11\/IMG_0920-min-350x467.jpg 350w, https:\/\/martina-gleissenebner-teskey.com\/wp-content\/uploads\/2025\/11\/IMG_0920-min-900x1200.jpg 900w, https:\/\/martina-gleissenebner-teskey.com\/wp-content\/uploads\/2025\/11\/IMG_0920-min-scaled.jpg 1920w\" sizes=\"auto, (max-width: 1080px) 100vw, 1080px\" \/>\n\t\t\t\t\t\t\t\t<div class=\"work-info-bg\"><\/div>\n\t\t\t\t\t\t\t\t<div class=\"work-info\">\n\n\n\t\t\t\t\t\t\t\t\t\t\t\t\t\t\t\t\t   \t\t\t <a href=\"https:\/\/martina-gleissenebner-teskey.com\/wp-content\/uploads\/2025\/11\/IMG_0920-min-scaled.jpg\" class=\"pretty_photo\"><\/a>\n\t\t\t\t\t\t\t\t   \t\t\n\t\t\t\t\t\t\t\t\t\t<div class=\"vert-center\">\n\t\t\t\t\t\t\t\t\t\t\t\n\t\t\t\t\t\t\t\t\t\t\t\t<p><\/p>\n\t\t\t\t\t\t\t\t\t\t\t\t\t\t\t\t\t\t\t\t\t\t\t\t\t<h3>On stage with Doris Schulz and Marie Theiner<\/h3>\n\t\t\t\t\t\t\t\t\t\t\t\t\n\t\t\t\t\t\t\t\t\t\t\t\t\t\t\t\t\t\t\t\t\t\t<svg class=\"next-arrow\" xmlns=\"http:\/\/www.w3.org\/2000\/svg\" xmlns:xlink=\"http:\/\/www.w3.org\/1999\/xlink\" viewbox=\"0 0 39 12\"><line class=\"top\" x1=\"23\" y1=\"-0.5\" x2=\"29.5\" y2=\"6.5\" stroke=\"#ffffff;\"\/>\n                        <line class=\"bottom\" x1=\"23\" y1=\"12.5\" x2=\"29.5\" y2=\"5.5\" stroke=\"#ffffff;\"\/>\n                      <\/svg>\n                      <span class=\"line\"><\/span>\n                    <\/span>\n\n\t\t\t\t\t\t\t\t\t\t<\/div><!--\/vert-center-->\n\n\t\t\t\t\t\t\t\t\t\n\n\t\t\t\t\t\t\t\t<\/div>\n\t\t\t\t\t\t\t<\/div><!--work-item-->\n\n\t\t\t\t\t\t\n\n\t\t\t\t\t\t<\/div><\/div> \n\t\t\t\t\t\t\n\t\t\t\t\t\t\t<div class=\"col elastic-portfolio-item regular element\" data-project-cat=\"\" data-default-color=\"true\" data-title-color=\"\" data-subtitle-color=\"\">\n\n\t\t\t\t\t\t\t<div class=\"inner-wrap animated\" data-animation=\"none\">\n\n\t\t\t\t\t\t\t\n\t\t\t\t\t\t\t<div class=\"work-item style-2\">\n\n\t\t\t\t\t\t\t\t<img loading=\"lazy\" decoding=\"async\" width=\"1080\" height=\"1440\" src=\"https:\/\/martina-gleissenebner-teskey.com\/wp-content\/uploads\/2025\/11\/IMG_4494-min-3000x4000.jpg\" class=\"skip-lazy top-level-image attachment-large\" alt=\"\" title=\"With Tetyana Aleks and Johann Wimmer\" srcset=\"https:\/\/martina-gleissenebner-teskey.com\/wp-content\/uploads\/2025\/11\/IMG_4494-min-3000x4000.jpg 3000w, https:\/\/martina-gleissenebner-teskey.com\/wp-content\/uploads\/2025\/11\/IMG_4494-min-225x300.jpg 225w, https:\/\/martina-gleissenebner-teskey.com\/wp-content\/uploads\/2025\/11\/IMG_4494-min-768x1024.jpg 768w, https:\/\/martina-gleissenebner-teskey.com\/wp-content\/uploads\/2025\/11\/IMG_4494-min-1152x1536.jpg 1152w, https:\/\/martina-gleissenebner-teskey.com\/wp-content\/uploads\/2025\/11\/IMG_4494-min-1536x2048.jpg 1536w, https:\/\/martina-gleissenebner-teskey.com\/wp-content\/uploads\/2025\/11\/IMG_4494-min-9x12.jpg 9w, https:\/\/martina-gleissenebner-teskey.com\/wp-content\/uploads\/2025\/11\/IMG_4494-min-450x600.jpg 450w, https:\/\/martina-gleissenebner-teskey.com\/wp-content\/uploads\/2025\/11\/IMG_4494-min-350x467.jpg 350w, https:\/\/martina-gleissenebner-teskey.com\/wp-content\/uploads\/2025\/11\/IMG_4494-min-900x1200.jpg 900w, https:\/\/martina-gleissenebner-teskey.com\/wp-content\/uploads\/2025\/11\/IMG_4494-min-scaled.jpg 1920w\" sizes=\"auto, (max-width: 1080px) 100vw, 1080px\" \/>\n\t\t\t\t\t\t\t\t<div class=\"work-info-bg\"><\/div>\n\t\t\t\t\t\t\t\t<div class=\"work-info\">\n\n\n\t\t\t\t\t\t\t\t\t\t\t\t\t\t\t\t\t   \t\t\t <a href=\"https:\/\/martina-gleissenebner-teskey.com\/wp-content\/uploads\/2025\/11\/IMG_4494-min-scaled.jpg\" class=\"pretty_photo\"><\/a>\n\t\t\t\t\t\t\t\t   \t\t\n\t\t\t\t\t\t\t\t\t\t<div class=\"vert-center\">\n\t\t\t\t\t\t\t\t\t\t\t\n\t\t\t\t\t\t\t\t\t\t\t\t<p><\/p>\n\t\t\t\t\t\t\t\t\t\t\t\t\t\t\t\t\t\t\t\t\t\t\t\t\t<h3>With Tetyana Aleks and Johann Wimmer<\/h3>\n\t\t\t\t\t\t\t\t\t\t\t\t\n\t\t\t\t\t\t\t\t\t\t\t\t\t\t\t\t\t\t\t\t\t\t<svg class=\"next-arrow\" xmlns=\"http:\/\/www.w3.org\/2000\/svg\" xmlns:xlink=\"http:\/\/www.w3.org\/1999\/xlink\" viewbox=\"0 0 39 12\"><line class=\"top\" x1=\"23\" y1=\"-0.5\" x2=\"29.5\" y2=\"6.5\" stroke=\"#ffffff;\"\/>\n                        <line class=\"bottom\" x1=\"23\" y1=\"12.5\" x2=\"29.5\" y2=\"5.5\" stroke=\"#ffffff;\"\/>\n                      <\/svg>\n                      <span class=\"line\"><\/span>\n                    <\/span>\n\n\t\t\t\t\t\t\t\t\t\t<\/div><!--\/vert-center-->\n\n\t\t\t\t\t\t\t\t\t\n\n\t\t\t\t\t\t\t\t<\/div>\n\t\t\t\t\t\t\t<\/div><!--work-item-->\n\n\t\t\t\t\t\t\n\n\t\t\t\t\t\t<\/div><\/div> \n\t\t\t\t\t\t<\/div><\/div><\/div>\n\t\t<\/div> \n\t<\/div> \n\t\t<\/div> \n\t<\/div>\n\t<\/div> \n<\/div><\/div><div class=\"divider-wrap\" data-alignment=\"default\"><div style=\"height: 25px;\" class=\"divider\"><\/div><\/div>\n<div class=\"wpb_text_column wpb_content_element\" >\n\t<div class=\"wpb_wrapper\">\n\t\t<p>\ud835\uddd8\ud835\ude00 \ud835\ude04\ud835\uddee\ud835\uddff\ud835\uddff \ud835\uddf2\ud835\uddf6\ud835\uddfb\ud835\uddfa\ud835\uddee\ud835\uddf9 \ud835\uddf2\ud835\uddf6\ud835\uddfb\ud835\uddf2 \ud835\uddf7\ud835\ude02\ud835\uddfb\ud835\uddf4\ud835\uddf2 \ud835\uddd9\ud835\uddff\ud835\uddee\ud835\ude02, \ud835\uddf1\ud835\uddf6\ud835\uddf2 \ud835\uddd4\ud835\uddfb\ud835\uddf4\ud835\ude00\ud835\ude01 \ud835\ude03\ud835\uddfc\ud835\uddff \ud835\uddf1\ud835\uddf2\ud835\uddfa \ud835\uddd4\ud835\uddf9\ud835\ude01\ud835\uddf2\ud835\uddff-\ud835\uddea\ud835\uddf2\ud835\uddff\ud835\uddf1\ud835\uddf2\ud835\uddfb \ud835\uddf5\ud835\uddee\ud835\ude01\ud835\ude01\ud835\uddf2 \ud835\ude02\ud835\uddfb\ud835\uddf1 \ud835\ude00\ud835\uddf6\ud835\uddf0\ud835\uddf5 \ud835\uddf1\ud835\uddf2\ud835\ude00\ud835\uddf5\ud835\uddee\ud835\uddf9\ud835\uddef \ud835\uddd9\ud835\uddff\ud835\uddee\ud835\ude02\ud835\uddf2\ud835\uddfb \ud835\ude00\ud835\ude02\ud835\uddf0\ud835\uddf5\ud835\ude01\ud835\uddf2, \ud835\uddf1\ud835\uddf6\ud835\uddf2 \ud835\ude00\ud835\uddf6\ud835\uddf0\ud835\uddf5 \ud835\ude01\ud835\uddff\ud835\uddee\ud835\ude02\ud835\ude01\ud835\uddf2\ud835\uddfb, \ud835\uddd8\ud835\uddd6\ud835\udddb\ud835\udde7 \ud835\uddee\ud835\uddf9\ud835\ude01\ud835\uddf2\ud835\uddff \ud835\ude07\ud835\ude02 \ud835\ude04\ud835\uddf2\ud835\uddff\ud835\uddf1\ud835\uddf2\ud835\uddfb.<\/p>\n<p>This young woman was \ud835\ude15\ud835\ude10\ud835\ude0a\ud835\ude0f\ud835\ude1b me - but I had the pleasure of being one of the 25 people portrayed. One of those who were supposed to take away the fear. And having never been afraid of getting older, it was of course a nice, \u201ereal\u201c thing for me.<\/p>\n<p>I was also able to give a few speeches, having been in the spotlight and in front of the camera as a model ever since I took part in a major German TV show.<\/p>\n<p>One of the interesting questions concerned one of my favorite topics:<\/p>\n<p>\ud835\uddea\ud835\uddee\ud835\ude00 \ud835\uddf5\ud835\uddee\ud835\ude01 \u201e\ud835\uddd6\ud835\uddf5\ud835\uddee\ud835\uddff\ud835\uddf6\ud835\ude00\ud835\uddfa\ud835\uddee\u201c \ud835\uddfa\ud835\uddf6\ud835\ude01 \ud835\uddd4\ud835\ude02\ud835\ude00\ud835\ude00\ud835\uddf2\ud835\uddf5\ud835\uddf2\ud835\uddfb \ud835\ude07\ud835\ude02 \ud835\ude01\ud835\ude02\ud835\uddfb?<br \/>\n\ud835\uddd7\ud835\uddf6\ud835\uddf2 \ud835\uddf2\ud835\uddf6\ud835\uddfb\ud835\uddf3\ud835\uddee\ud835\uddf0\ud835\uddf5\ud835\uddf2 \ud835\uddd4\ud835\uddfb\ud835\ude01\ud835\ude04\ud835\uddfc\ud835\uddff\ud835\ude01: \ud835\ude49\ud835\ude5e\ud835\ude58\ud835\ude5d\ud835\ude69\ud835\ude68. \ud835\uddd6\ud835\uddf5\ud835\uddee\ud835\uddff\ud835\uddf6\ud835\ude00\ud835\uddfa\ud835\uddee \ud835\uddf2\ud835\uddfb\ud835\ude01\ud835\ude00\ud835\ude01\ud835\uddf2\ud835\uddf5\ud835\ude01 \ud835\uddfb\ud835\uddf6\ud835\uddf0\ud835\uddf5\ud835\ude01 \ud835\uddee\ud835\ude02\ud835\ude00 \ud835\uddd4\ud835\ude02\ud835\ude00-\ud835\udde6\ud835\uddf2\ud835\uddf5\ud835\uddf2\ud835\uddfb, \ud835\ude00\ud835\uddfc\ud835\uddfb\ud835\uddf1\ud835\uddf2\ud835\uddff\ud835\uddfb \ud835\uddee\ud835\ude02\ud835\ude00 \ud835\uddd4\ud835\ude02\ud835\ude00-\ud835\udde6\ud835\ude01\ud835\uddff\ud835\uddee\ud835\uddf5\ud835\uddf9\ud835\ude02\ud835\uddfb\ud835\uddf4. So it's about radiating something from the inside out. And what is that? It's the passion, the love, the dedication to what is really important to you.<\/p>\n<p>- So it's not about the outside, but the inside.<br \/>\n- It's about nurturing your inner self first - the outside develops accordingly.<br \/>\n- Body and mind are one - but the mind is at the helm. The \u201espirit\u201c - and that is also what the environment then perceives as charismatic. A charismatic person is inspiring.<\/p>\n<p>\ud83d\udca1\ud835\udddb\ud835\uddf6\ud835\uddf2\ud835\uddff \ud835\ude07\ud835\ude04\ud835\uddf2\ud835\uddf6 \ud835\udde4\ud835\ude02\ud835\uddf2\ud835\uddf9\ud835\uddf9\ud835\uddf2\ud835\uddfb \ud835\uddf1\ud835\uddf2\ud835\uddff \ud835\udddc\ud835\uddfb\ud835\ude00\ud835\uddfd\ud835\uddf6\ud835\uddff\ud835\uddee\ud835\ude01\ud835\uddf6\ud835\uddfc\ud835\uddfb:<\/p>\n<p>1. <a href=\"https:\/\/echt-ausstellung.my.canva.site\/start\">\ud835\uddd7\ud835\uddf6\ud835\uddf2 \ud835\uddd4\ud835\ude02\ud835\ude00\ud835\ude00\ud835\ude01\ud835\uddf2\ud835\uddf9\ud835\uddf9\ud835\ude02\ud835\uddfb\ud835\uddf4 \u201e\ud835\uddd8\ud835\uddd6\ud835\udddb\ud835\udde7\u201c by Tetyana Aleks, Johann Wimmer and Robert Breber at Altes Rathaus Linz, until 7.12.<\/a><\/p>\n<p>2. <a href=\"https:\/\/martina-gleissenebner-teskey.com\/en\/author\/\">\ud835\udde0\ud835\uddf2\ud835\uddf6\ud835\uddfb \ud835\uddd5\ud835\ude02\ud835\uddf0\ud835\uddf5: \ud835\uddd6\ud835\udddb\ud835\uddd4\ud835\udde5\ud835\udddc\ud835\udde6\ud835\udde0\ud835\uddd4 - \ud835\uddd7\ud835\uddee\ud835\ude00 \ud835\udff5-\ud835\uddea\ud835\uddfc\ud835\uddf0\ud835\uddf5\ud835\uddf2\ud835\uddfb-\ud835\udde3\ud835\uddff\ud835\uddfc\ud835\uddf4\ud835\uddff\ud835\uddee\ud835\uddfa\ud835\uddfa \ud835\uddf3\ud835\ude02\ud835\uddff \ud835\uddf2\ud835\uddf6\ud835\uddfb \ud835\uddf4\ud835\uddf2\ud835\uddf9\ud835\uddf6\ud835\uddfb\ud835\uddf4\ud835\uddf2\ud835\uddfb\ud835\uddf1\ud835\uddf2\ud835\ude00 \ud835\udddf\ud835\uddf2\ud835\uddef\ud835\uddf2\ud835\uddfb<\/a><\/p>\n\t<\/div>\n<\/div>\n\n\n\n<div class=\"divider-wrap\" data-alignment=\"default\"><div style=\"height: 25px;\" class=\"divider\"><\/div><\/div>\n\t\t\t<\/div> \n\t\t<\/div>\n\t<\/div> \n<\/div><\/div>","protected":false},"excerpt":{"rendered":"Martina Gleissenebner-Teskey bei ECHT Interview im Ausstellungskatalog Umarme das Kind, das du warst, von Robert Breber Ausstellung ECHT Mit Doris Schulz und Marie Theiner auf der B\u00fchne Mit Tetyana Aleks...","protected":false},"author":1,"featured_media":9801,"comment_status":"open","ping_status":"open","sticky":false,"template":"","format":"standard","meta":{"footnotes":""},"categories":[20,35],"tags":[79,22],"class_list":{"0":"post-9798","1":"post","2":"type-post","3":"status-publish","4":"format-standard","5":"has-post-thumbnail","7":"category-auftritte","8":"category-interviews","9":"tag-auftritt","10":"tag-charisma"},"yoast_head":"<!-- This site is optimized with the Yoast SEO Premium plugin v26.7 (Yoast SEO v27.5) - https:\/\/yoast.com\/product\/yoast-seo-premium-wordpress\/ -->\n<title>Vernissage: ECHT! - Martina Gleissenebner-Teskey<\/title>\n<meta name=\"description\" content=\"R\u00fcckblick auf die Er\u00f6ffnung einer wunderbaren, inspirierenden Ausstellung \u00fcber ECHTE Frauen in Linz. Ein Projekt von Tetyana Aleks\" \/>\n<meta name=\"robots\" content=\"index, follow, max-snippet:-1, max-image-preview:large, max-video-preview:-1\" \/>\n<link rel=\"canonical\" href=\"https:\/\/martina-gleissenebner-teskey.com\/en\/2025\/11\/28\/vernissage-real\/\" \/>\n<meta property=\"og:locale\" content=\"en_US\" \/>\n<meta property=\"og:type\" content=\"article\" \/>\n<meta property=\"og:title\" content=\"Vernissage: ECHT!\" \/>\n<meta property=\"og:description\" content=\"R\u00fcckblick auf die Er\u00f6ffnung einer wunderbaren, inspirierenden Ausstellung \u00fcber ECHTE Frauen in Linz. Ein Projekt von Tetyana Aleks\" \/>\n<meta property=\"og:url\" content=\"https:\/\/martina-gleissenebner-teskey.com\/en\/2025\/11\/28\/vernissage-real\/\" \/>\n<meta property=\"og:site_name\" content=\"Martina Gleissenebner-Teskey\" \/>\n<meta property=\"article:publisher\" content=\"https:\/\/www.facebook.com\/martina.gleissenebnerteskey.training\/\" \/>\n<meta property=\"article:published_time\" content=\"2025-11-28T19:24:03+00:00\" \/>\n<meta property=\"article:modified_time\" content=\"2025-11-28T19:27:43+00:00\" \/>\n<meta property=\"og:image\" content=\"https:\/\/martina-gleissenebner-teskey.com\/wp-content\/uploads\/2025\/11\/IMG_0861-min-scaled.jpg\" \/>\n\t<meta property=\"og:image:width\" content=\"1915\" \/>\n\t<meta property=\"og:image:height\" content=\"2560\" \/>\n\t<meta property=\"og:image:type\" content=\"image\/jpeg\" \/>\n<meta name=\"author\" content=\"Martina\" \/>\n<meta name=\"twitter:card\" content=\"summary_large_image\" \/>\n<meta name=\"twitter:label1\" content=\"Written by\" \/>\n\t<meta name=\"twitter:data1\" content=\"Martina\" \/>\n\t<meta name=\"twitter:label2\" content=\"Est. reading time\" \/>\n\t<meta name=\"twitter:data2\" content=\"4 minutes\" \/>\n<script type=\"application\/ld+json\" class=\"yoast-schema-graph\">{\"@context\":\"https:\\\/\\\/schema.org\",\"@graph\":[{\"@type\":\"Article\",\"@id\":\"https:\\\/\\\/martina-gleissenebner-teskey.com\\\/2025\\\/11\\\/28\\\/vernissage-echt\\\/#article\",\"isPartOf\":{\"@id\":\"https:\\\/\\\/martina-gleissenebner-teskey.com\\\/2025\\\/11\\\/28\\\/vernissage-echt\\\/\"},\"author\":{\"name\":\"Martina\",\"@id\":\"https:\\\/\\\/martina-gleissenebner-teskey.com\\\/#\\\/schema\\\/person\\\/dd24cbe351cc5479e1a1e033917caf90\"},\"headline\":\"Vernissage: ECHT!\",\"datePublished\":\"2025-11-28T19:24:03+00:00\",\"dateModified\":\"2025-11-28T19:27:43+00:00\",\"mainEntityOfPage\":{\"@id\":\"https:\\\/\\\/martina-gleissenebner-teskey.com\\\/2025\\\/11\\\/28\\\/vernissage-echt\\\/\"},\"wordCount\":541,\"commentCount\":0,\"image\":{\"@id\":\"https:\\\/\\\/martina-gleissenebner-teskey.com\\\/2025\\\/11\\\/28\\\/vernissage-echt\\\/#primaryimage\"},\"thumbnailUrl\":\"https:\\\/\\\/martina-gleissenebner-teskey.com\\\/wp-content\\\/uploads\\\/2025\\\/11\\\/IMG_0861-min-scaled.jpg\",\"keywords\":[\"Auftritt\",\"Charisma\"],\"articleSection\":[\"Auftritte\",\"Interviews\"],\"inLanguage\":\"en-US\",\"potentialAction\":[{\"@type\":\"CommentAction\",\"name\":\"Comment\",\"target\":[\"https:\\\/\\\/martina-gleissenebner-teskey.com\\\/2025\\\/11\\\/28\\\/vernissage-echt\\\/#respond\"]}]},{\"@type\":\"WebPage\",\"@id\":\"https:\\\/\\\/martina-gleissenebner-teskey.com\\\/2025\\\/11\\\/28\\\/vernissage-echt\\\/\",\"url\":\"https:\\\/\\\/martina-gleissenebner-teskey.com\\\/2025\\\/11\\\/28\\\/vernissage-echt\\\/\",\"name\":\"Vernissage: ECHT! - Martina Gleissenebner-Teskey\",\"isPartOf\":{\"@id\":\"https:\\\/\\\/martina-gleissenebner-teskey.com\\\/#website\"},\"primaryImageOfPage\":{\"@id\":\"https:\\\/\\\/martina-gleissenebner-teskey.com\\\/2025\\\/11\\\/28\\\/vernissage-echt\\\/#primaryimage\"},\"image\":{\"@id\":\"https:\\\/\\\/martina-gleissenebner-teskey.com\\\/2025\\\/11\\\/28\\\/vernissage-echt\\\/#primaryimage\"},\"thumbnailUrl\":\"https:\\\/\\\/martina-gleissenebner-teskey.com\\\/wp-content\\\/uploads\\\/2025\\\/11\\\/IMG_0861-min-scaled.jpg\",\"datePublished\":\"2025-11-28T19:24:03+00:00\",\"dateModified\":\"2025-11-28T19:27:43+00:00\",\"author\":{\"@id\":\"https:\\\/\\\/martina-gleissenebner-teskey.com\\\/#\\\/schema\\\/person\\\/dd24cbe351cc5479e1a1e033917caf90\"},\"description\":\"R\u00fcckblick auf die Er\u00f6ffnung einer wunderbaren, inspirierenden Ausstellung \u00fcber ECHTE Frauen in Linz. Ein Projekt von Tetyana Aleks\",\"breadcrumb\":{\"@id\":\"https:\\\/\\\/martina-gleissenebner-teskey.com\\\/2025\\\/11\\\/28\\\/vernissage-echt\\\/#breadcrumb\"},\"inLanguage\":\"en-US\",\"potentialAction\":[{\"@type\":\"ReadAction\",\"target\":[\"https:\\\/\\\/martina-gleissenebner-teskey.com\\\/2025\\\/11\\\/28\\\/vernissage-echt\\\/\"]}]},{\"@type\":\"ImageObject\",\"inLanguage\":\"en-US\",\"@id\":\"https:\\\/\\\/martina-gleissenebner-teskey.com\\\/2025\\\/11\\\/28\\\/vernissage-echt\\\/#primaryimage\",\"url\":\"https:\\\/\\\/martina-gleissenebner-teskey.com\\\/wp-content\\\/uploads\\\/2025\\\/11\\\/IMG_0861-min-scaled.jpg\",\"contentUrl\":\"https:\\\/\\\/martina-gleissenebner-teskey.com\\\/wp-content\\\/uploads\\\/2025\\\/11\\\/IMG_0861-min-scaled.jpg\",\"width\":1915,\"height\":2560},{\"@type\":\"BreadcrumbList\",\"@id\":\"https:\\\/\\\/martina-gleissenebner-teskey.com\\\/2025\\\/11\\\/28\\\/vernissage-echt\\\/#breadcrumb\",\"itemListElement\":[{\"@type\":\"ListItem\",\"position\":1,\"name\":\"Startseite\",\"item\":\"https:\\\/\\\/martina-gleissenebner-teskey.com\\\/\"},{\"@type\":\"ListItem\",\"position\":2,\"name\":\"Vernissage: ECHT!\"}]},{\"@type\":\"WebSite\",\"@id\":\"https:\\\/\\\/martina-gleissenebner-teskey.com\\\/#website\",\"url\":\"https:\\\/\\\/martina-gleissenebner-teskey.com\\\/\",\"name\":\"Martina Gleissenebner-Teskey\",\"description\":\"The Personality Entrepreneur\",\"potentialAction\":[{\"@type\":\"SearchAction\",\"target\":{\"@type\":\"EntryPoint\",\"urlTemplate\":\"https:\\\/\\\/martina-gleissenebner-teskey.com\\\/?s={search_term_string}\"},\"query-input\":{\"@type\":\"PropertyValueSpecification\",\"valueRequired\":true,\"valueName\":\"search_term_string\"}}],\"inLanguage\":\"en-US\"},{\"@type\":\"Person\",\"@id\":\"https:\\\/\\\/martina-gleissenebner-teskey.com\\\/#\\\/schema\\\/person\\\/dd24cbe351cc5479e1a1e033917caf90\",\"name\":\"Martina\",\"sameAs\":[\"https:\\\/\\\/martina-gleissenebner-teskey.com\"],\"url\":\"https:\\\/\\\/martina-gleissenebner-teskey.com\\\/en\\\/author\\\/admin\\\/\"}]}<\/script>\n<!-- \/ Yoast SEO Premium plugin. -->","yoast_head_json":{"title":"Vernissage: ECHT! - Martina Gleissenebner-Teskey","description":"Review of the opening of a wonderful, inspiring exhibition about REAL women in Linz. A project by Tetyana Aleks","robots":{"index":"index","follow":"follow","max-snippet":"max-snippet:-1","max-image-preview":"max-image-preview:large","max-video-preview":"max-video-preview:-1"},"canonical":"https:\/\/martina-gleissenebner-teskey.com\/en\/2025\/11\/28\/vernissage-real\/","og_locale":"en_US","og_type":"article","og_title":"Vernissage: ECHT!","og_description":"R\u00fcckblick auf die Er\u00f6ffnung einer wunderbaren, inspirierenden Ausstellung \u00fcber ECHTE Frauen in Linz. Ein Projekt von Tetyana Aleks","og_url":"https:\/\/martina-gleissenebner-teskey.com\/en\/2025\/11\/28\/vernissage-real\/","og_site_name":"Martina Gleissenebner-Teskey","article_publisher":"https:\/\/www.facebook.com\/martina.gleissenebnerteskey.training\/","article_published_time":"2025-11-28T19:24:03+00:00","article_modified_time":"2025-11-28T19:27:43+00:00","og_image":[{"width":1915,"height":2560,"url":"https:\/\/martina-gleissenebner-teskey.com\/wp-content\/uploads\/2025\/11\/IMG_0861-min-scaled.jpg","type":"image\/jpeg"}],"author":"Martina","twitter_card":"summary_large_image","twitter_misc":{"Written by":"Martina","Est. reading time":"4 minutes"},"schema":{"@context":"https:\/\/schema.org","@graph":[{"@type":"Article","@id":"https:\/\/martina-gleissenebner-teskey.com\/2025\/11\/28\/vernissage-echt\/#article","isPartOf":{"@id":"https:\/\/martina-gleissenebner-teskey.com\/2025\/11\/28\/vernissage-echt\/"},"author":{"name":"Martina","@id":"https:\/\/martina-gleissenebner-teskey.com\/#\/schema\/person\/dd24cbe351cc5479e1a1e033917caf90"},"headline":"Vernissage: ECHT!","datePublished":"2025-11-28T19:24:03+00:00","dateModified":"2025-11-28T19:27:43+00:00","mainEntityOfPage":{"@id":"https:\/\/martina-gleissenebner-teskey.com\/2025\/11\/28\/vernissage-echt\/"},"wordCount":541,"commentCount":0,"image":{"@id":"https:\/\/martina-gleissenebner-teskey.com\/2025\/11\/28\/vernissage-echt\/#primaryimage"},"thumbnailUrl":"https:\/\/martina-gleissenebner-teskey.com\/wp-content\/uploads\/2025\/11\/IMG_0861-min-scaled.jpg","keywords":["Auftritt","Charisma"],"articleSection":["Auftritte","Interviews"],"inLanguage":"en-US","potentialAction":[{"@type":"CommentAction","name":"Comment","target":["https:\/\/martina-gleissenebner-teskey.com\/2025\/11\/28\/vernissage-echt\/#respond"]}]},{"@type":"WebPage","@id":"https:\/\/martina-gleissenebner-teskey.com\/2025\/11\/28\/vernissage-echt\/","url":"https:\/\/martina-gleissenebner-teskey.com\/2025\/11\/28\/vernissage-echt\/","name":"Vernissage: ECHT! - Martina Gleissenebner-Teskey","isPartOf":{"@id":"https:\/\/martina-gleissenebner-teskey.com\/#website"},"primaryImageOfPage":{"@id":"https:\/\/martina-gleissenebner-teskey.com\/2025\/11\/28\/vernissage-echt\/#primaryimage"},"image":{"@id":"https:\/\/martina-gleissenebner-teskey.com\/2025\/11\/28\/vernissage-echt\/#primaryimage"},"thumbnailUrl":"https:\/\/martina-gleissenebner-teskey.com\/wp-content\/uploads\/2025\/11\/IMG_0861-min-scaled.jpg","datePublished":"2025-11-28T19:24:03+00:00","dateModified":"2025-11-28T19:27:43+00:00","author":{"@id":"https:\/\/martina-gleissenebner-teskey.com\/#\/schema\/person\/dd24cbe351cc5479e1a1e033917caf90"},"description":"Review of the opening of a wonderful, inspiring exhibition about REAL women in Linz. A project by Tetyana Aleks","breadcrumb":{"@id":"https:\/\/martina-gleissenebner-teskey.com\/2025\/11\/28\/vernissage-echt\/#breadcrumb"},"inLanguage":"en-US","potentialAction":[{"@type":"ReadAction","target":["https:\/\/martina-gleissenebner-teskey.com\/2025\/11\/28\/vernissage-echt\/"]}]},{"@type":"ImageObject","inLanguage":"en-US","@id":"https:\/\/martina-gleissenebner-teskey.com\/2025\/11\/28\/vernissage-echt\/#primaryimage","url":"https:\/\/martina-gleissenebner-teskey.com\/wp-content\/uploads\/2025\/11\/IMG_0861-min-scaled.jpg","contentUrl":"https:\/\/martina-gleissenebner-teskey.com\/wp-content\/uploads\/2025\/11\/IMG_0861-min-scaled.jpg","width":1915,"height":2560},{"@type":"BreadcrumbList","@id":"https:\/\/martina-gleissenebner-teskey.com\/2025\/11\/28\/vernissage-echt\/#breadcrumb","itemListElement":[{"@type":"ListItem","position":1,"name":"Startseite","item":"https:\/\/martina-gleissenebner-teskey.com\/"},{"@type":"ListItem","position":2,"name":"Vernissage: ECHT!"}]},{"@type":"WebSite","@id":"https:\/\/martina-gleissenebner-teskey.com\/#website","url":"https:\/\/martina-gleissenebner-teskey.com\/","name":"Martina Gleissenebner-Teskey","description":"The Personality Entrepreneur","potentialAction":[{"@type":"SearchAction","target":{"@type":"EntryPoint","urlTemplate":"https:\/\/martina-gleissenebner-teskey.com\/?s={search_term_string}"},"query-input":{"@type":"PropertyValueSpecification","valueRequired":true,"valueName":"search_term_string"}}],"inLanguage":"en-US"},{"@type":"Person","@id":"https:\/\/martina-gleissenebner-teskey.com\/#\/schema\/person\/dd24cbe351cc5479e1a1e033917caf90","name":"Martina","sameAs":["https:\/\/martina-gleissenebner-teskey.com"],"url":"https:\/\/martina-gleissenebner-teskey.com\/en\/author\/admin\/"}]}},"_links":{"self":[{"href":"https:\/\/martina-gleissenebner-teskey.com\/en\/wp-json\/wp\/v2\/posts\/9798","targetHints":{"allow":["GET"]}}],"collection":[{"href":"https:\/\/martina-gleissenebner-teskey.com\/en\/wp-json\/wp\/v2\/posts"}],"about":[{"href":"https:\/\/martina-gleissenebner-teskey.com\/en\/wp-json\/wp\/v2\/types\/post"}],"author":[{"embeddable":true,"href":"https:\/\/martina-gleissenebner-teskey.com\/en\/wp-json\/wp\/v2\/users\/1"}],"replies":[{"embeddable":true,"href":"https:\/\/martina-gleissenebner-teskey.com\/en\/wp-json\/wp\/v2\/comments?post=9798"}],"version-history":[{"count":5,"href":"https:\/\/martina-gleissenebner-teskey.com\/en\/wp-json\/wp\/v2\/posts\/9798\/revisions"}],"predecessor-version":[{"id":9810,"href":"https:\/\/martina-gleissenebner-teskey.com\/en\/wp-json\/wp\/v2\/posts\/9798\/revisions\/9810"}],"wp:featuredmedia":[{"embeddable":true,"href":"https:\/\/martina-gleissenebner-teskey.com\/en\/wp-json\/wp\/v2\/media\/9801"}],"wp:attachment":[{"href":"https:\/\/martina-gleissenebner-teskey.com\/en\/wp-json\/wp\/v2\/media?parent=9798"}],"wp:term":[{"taxonomy":"category","embeddable":true,"href":"https:\/\/martina-gleissenebner-teskey.com\/en\/wp-json\/wp\/v2\/categories?post=9798"},{"taxonomy":"post_tag","embeddable":true,"href":"https:\/\/martina-gleissenebner-teskey.com\/en\/wp-json\/wp\/v2\/tags?post=9798"}],"curies":[{"name":"wp","href":"https:\/\/api.w.org\/{rel}","templated":true}]}}