{"id":9748,"date":"2025-09-26T17:27:57","date_gmt":"2025-09-26T15:27:57","guid":{"rendered":"https:\/\/martina-gleissenebner-teskey.com\/?p=9748"},"modified":"2025-09-26T17:29:47","modified_gmt":"2025-09-26T15:29:47","slug":"the-great-vision","status":"publish","type":"post","link":"https:\/\/martina-gleissenebner-teskey.com\/en\/2025\/09\/26\/die-grosse-vision\/","title":{"rendered":"The big vision is that together we will become a real market power"},"content":{"rendered":"<div id=\"fws_69f1d77875595\"  data-column-margin=\"default\" data-midnight=\"dark\"  class=\"wpb_row vc_row-fluid vc_row\"  style=\"padding-top: 0px; padding-bottom: 0px; \"><div class=\"row-bg-wrap\" data-bg-animation=\"none\" data-bg-animation-delay=\"\" data-bg-overlay=\"false\"><div class=\"inner-wrap row-bg-layer\" ><div class=\"row-bg viewport-desktop\"  style=\"\"><\/div><\/div><\/div><div class=\"row_col_wrap_12 col span_12 dark left\">\n\t<div  class=\"vc_col-sm-12 wpb_column column_container vc_column_container col no-extra-padding inherit_tablet inherit_phone\"  data-padding-pos=\"all\" data-has-bg-color=\"false\" data-bg-color=\"\" data-bg-opacity=\"1\" data-animation=\"\" data-delay=\"0\" >\n\t\t<div class=\"vc_column-inner\" >\n\t\t\t<div class=\"wpb_wrapper\">\n\t\t\t\t\n\t<div class=\"wpb_gallery wpb_content_element clearfix\">\n\t\t<div class=\"wpb_wrapper\"><div class=\"wpb_gallery_slidesimage_grid\" data-onclick=\"link_image\" data-interval=\"5\">\n\n\t<div class=\"portfolio-wrap\">\n\n\t\t\t<span class=\"portfolio-loading\"><\/span>\n\n\t\t\t<div class=\"row portfolio-items masonry-items\" data-starting-filter=\"\" data-gutter=\"default\" data-masonry-type=\"photography\" data-bypass-cropping=\"true\"  data-ps=\"7\" data-loading=\"default\" data-categories-to-show=\"\" data-col-num=\"cols-3\">\n\n\n\n\t\n\t\t\t\t\t\t\t<div class=\"col span_4 regular element\" data-project-cat=\"\" data-default-color=\"true\" data-title-color=\"\" data-subtitle-color=\"\">\n\n\t\t\t\t\t\t\t<div class=\"inner-wrap animated\" data-animation=\"none\">\n\n\t\t\t\t\t\t\t\n\t\t\t\t\t\t\t<div class=\"work-item style-2\">\n\n\t\t\t\t\t\t\t\t<img loading=\"lazy\" decoding=\"async\" width=\"1080\" height=\"864\" src=\"https:\/\/martina-gleissenebner-teskey.com\/wp-content\/uploads\/2025\/09\/4.jpg\" class=\"skip-lazy top-level-image attachment-large\" alt=\"\" title=\"Martina Gleissenebner-Teskey in Franz magazine\" srcset=\"https:\/\/martina-gleissenebner-teskey.com\/wp-content\/uploads\/2025\/09\/4.jpg 1350w, https:\/\/martina-gleissenebner-teskey.com\/wp-content\/uploads\/2025\/09\/4-300x240.jpg 300w, https:\/\/martina-gleissenebner-teskey.com\/wp-content\/uploads\/2025\/09\/4-768x614.jpg 768w, https:\/\/martina-gleissenebner-teskey.com\/wp-content\/uploads\/2025\/09\/4-15x12.jpg 15w\" sizes=\"auto, (max-width: 1080px) 100vw, 1080px\" \/>\n\t\t\t\t\t\t\t\t<div class=\"work-info-bg\"><\/div>\n\t\t\t\t\t\t\t\t<div class=\"work-info\">\n\n\n\t\t\t\t\t\t\t\t\t\t\t\t\t\t\t\t\t   \t\t\t <a href=\"https:\/\/martina-gleissenebner-teskey.com\/wp-content\/uploads\/2025\/09\/4.jpg\" class=\"pretty_photo\"><\/a>\n\t\t\t\t\t\t\t\t   \t\t\n\t\t\t\t\t\t\t\t\t\t<div class=\"vert-center\">\n\t\t\t\t\t\t\t\t\t\t\t\t\t\t\t\t\t\t\t\t\t<\/div><!--\/vert-center-->\n\n\t\t\t\t\t\t\t\t\t\n\n\t\t\t\t\t\t\t\t<\/div>\n\t\t\t\t\t\t\t<\/div><!--work-item-->\n\n\t\t\t\t\t\t\n\n\t\t\t\t\t\t<\/div><\/div> \n\t\t\t\t\t\t\n\t\t\t\t\t\t\t<div class=\"col span_4 regular element\" data-project-cat=\"\" data-default-color=\"true\" data-title-color=\"\" data-subtitle-color=\"\">\n\n\t\t\t\t\t\t\t<div class=\"inner-wrap animated\" data-animation=\"none\">\n\n\t\t\t\t\t\t\t\n\t\t\t\t\t\t\t<div class=\"work-item style-2\">\n\n\t\t\t\t\t\t\t\t<img loading=\"lazy\" decoding=\"async\" width=\"1080\" height=\"864\" src=\"https:\/\/martina-gleissenebner-teskey.com\/wp-content\/uploads\/2025\/09\/7.jpg\" class=\"skip-lazy top-level-image attachment-large\" alt=\"\" title=\"7\" srcset=\"https:\/\/martina-gleissenebner-teskey.com\/wp-content\/uploads\/2025\/09\/7.jpg 1350w, https:\/\/martina-gleissenebner-teskey.com\/wp-content\/uploads\/2025\/09\/7-300x240.jpg 300w, https:\/\/martina-gleissenebner-teskey.com\/wp-content\/uploads\/2025\/09\/7-768x614.jpg 768w, https:\/\/martina-gleissenebner-teskey.com\/wp-content\/uploads\/2025\/09\/7-15x12.jpg 15w\" sizes=\"auto, (max-width: 1080px) 100vw, 1080px\" \/>\n\t\t\t\t\t\t\t\t<div class=\"work-info-bg\"><\/div>\n\t\t\t\t\t\t\t\t<div class=\"work-info\">\n\n\n\t\t\t\t\t\t\t\t\t\t\t\t\t\t\t\t\t   \t\t\t <a href=\"https:\/\/martina-gleissenebner-teskey.com\/wp-content\/uploads\/2025\/09\/7.jpg\" class=\"pretty_photo\"><\/a>\n\t\t\t\t\t\t\t\t   \t\t\n\t\t\t\t\t\t\t\t\t\t<div class=\"vert-center\">\n\t\t\t\t\t\t\t\t\t\t\t\t\t\t\t\t\t\t\t\t\t<\/div><!--\/vert-center-->\n\n\t\t\t\t\t\t\t\t\t\n\n\t\t\t\t\t\t\t\t<\/div>\n\t\t\t\t\t\t\t<\/div><!--work-item-->\n\n\t\t\t\t\t\t\n\n\t\t\t\t\t\t<\/div><\/div> \n\t\t\t\t\t\t\n\t\t\t\t\t\t\t<div class=\"col span_4 regular element\" data-project-cat=\"\" data-default-color=\"true\" data-title-color=\"\" data-subtitle-color=\"\">\n\n\t\t\t\t\t\t\t<div class=\"inner-wrap animated\" data-animation=\"none\">\n\n\t\t\t\t\t\t\t\n\t\t\t\t\t\t\t<div class=\"work-item style-2\">\n\n\t\t\t\t\t\t\t\t<img loading=\"lazy\" decoding=\"async\" width=\"1080\" height=\"864\" src=\"https:\/\/martina-gleissenebner-teskey.com\/wp-content\/uploads\/2025\/09\/Elegant-Aesthetisch-Zitat-Spruch-Instagram-Post-1350-x-1080-px.jpg\" class=\"skip-lazy top-level-image attachment-large\" alt=\"\" title=\"Elegant Aesthetic Quote Saying Instagram Post (1350 x 1080 px)\" srcset=\"https:\/\/martina-gleissenebner-teskey.com\/wp-content\/uploads\/2025\/09\/Elegant-Aesthetisch-Zitat-Spruch-Instagram-Post-1350-x-1080-px.jpg 1350w, https:\/\/martina-gleissenebner-teskey.com\/wp-content\/uploads\/2025\/09\/Elegant-Aesthetisch-Zitat-Spruch-Instagram-Post-1350-x-1080-px-300x240.jpg 300w, https:\/\/martina-gleissenebner-teskey.com\/wp-content\/uploads\/2025\/09\/Elegant-Aesthetisch-Zitat-Spruch-Instagram-Post-1350-x-1080-px-768x614.jpg 768w, https:\/\/martina-gleissenebner-teskey.com\/wp-content\/uploads\/2025\/09\/Elegant-Aesthetisch-Zitat-Spruch-Instagram-Post-1350-x-1080-px-15x12.jpg 15w\" sizes=\"auto, (max-width: 1080px) 100vw, 1080px\" \/>\n\t\t\t\t\t\t\t\t<div class=\"work-info-bg\"><\/div>\n\t\t\t\t\t\t\t\t<div class=\"work-info\">\n\n\n\t\t\t\t\t\t\t\t\t\t\t\t\t\t\t\t\t   \t\t\t <a href=\"https:\/\/martina-gleissenebner-teskey.com\/wp-content\/uploads\/2025\/09\/Elegant-Aesthetisch-Zitat-Spruch-Instagram-Post-1350-x-1080-px.jpg\" class=\"pretty_photo\"><\/a>\n\t\t\t\t\t\t\t\t   \t\t\n\t\t\t\t\t\t\t\t\t\t<div class=\"vert-center\">\n\t\t\t\t\t\t\t\t\t\t\t\t\t\t\t\t\t\t\t\t\t<\/div><!--\/vert-center-->\n\n\t\t\t\t\t\t\t\t\t\n\n\t\t\t\t\t\t\t\t<\/div>\n\t\t\t\t\t\t\t<\/div><!--work-item-->\n\n\t\t\t\t\t\t\n\n\t\t\t\t\t\t<\/div><\/div> \n\t\t\t\t\t\t\n\t\t\t\t\t\t\t<div class=\"col span_4 regular element\" data-project-cat=\"\" data-default-color=\"true\" data-title-color=\"\" data-subtitle-color=\"\">\n\n\t\t\t\t\t\t\t<div class=\"inner-wrap animated\" data-animation=\"none\">\n\n\t\t\t\t\t\t\t\n\t\t\t\t\t\t\t<div class=\"work-item style-2\">\n\n\t\t\t\t\t\t\t\t<img loading=\"lazy\" decoding=\"async\" width=\"1080\" height=\"864\" src=\"https:\/\/martina-gleissenebner-teskey.com\/wp-content\/uploads\/2025\/09\/8.jpg\" class=\"skip-lazy top-level-image attachment-large\" alt=\"\" title=\"8\" srcset=\"https:\/\/martina-gleissenebner-teskey.com\/wp-content\/uploads\/2025\/09\/8.jpg 1350w, https:\/\/martina-gleissenebner-teskey.com\/wp-content\/uploads\/2025\/09\/8-300x240.jpg 300w, https:\/\/martina-gleissenebner-teskey.com\/wp-content\/uploads\/2025\/09\/8-768x614.jpg 768w, https:\/\/martina-gleissenebner-teskey.com\/wp-content\/uploads\/2025\/09\/8-15x12.jpg 15w\" sizes=\"auto, (max-width: 1080px) 100vw, 1080px\" \/>\n\t\t\t\t\t\t\t\t<div class=\"work-info-bg\"><\/div>\n\t\t\t\t\t\t\t\t<div class=\"work-info\">\n\n\n\t\t\t\t\t\t\t\t\t\t\t\t\t\t\t\t\t   \t\t\t <a href=\"https:\/\/martina-gleissenebner-teskey.com\/wp-content\/uploads\/2025\/09\/8.jpg\" class=\"pretty_photo\"><\/a>\n\t\t\t\t\t\t\t\t   \t\t\n\t\t\t\t\t\t\t\t\t\t<div class=\"vert-center\">\n\t\t\t\t\t\t\t\t\t\t\t\t\t\t\t\t\t\t\t\t\t<\/div><!--\/vert-center-->\n\n\t\t\t\t\t\t\t\t\t\n\n\t\t\t\t\t\t\t\t<\/div>\n\t\t\t\t\t\t\t<\/div><!--work-item-->\n\n\t\t\t\t\t\t\n\n\t\t\t\t\t\t<\/div><\/div> \n\t\t\t\t\t\t\n\t\t\t\t\t\t\t<div class=\"col span_4 regular element\" data-project-cat=\"\" data-default-color=\"true\" data-title-color=\"\" data-subtitle-color=\"\">\n\n\t\t\t\t\t\t\t<div class=\"inner-wrap animated\" data-animation=\"none\">\n\n\t\t\t\t\t\t\t\n\t\t\t\t\t\t\t<div class=\"work-item style-2\">\n\n\t\t\t\t\t\t\t\t<img loading=\"lazy\" decoding=\"async\" width=\"1080\" height=\"864\" src=\"https:\/\/martina-gleissenebner-teskey.com\/wp-content\/uploads\/2025\/09\/6.jpg\" class=\"skip-lazy top-level-image attachment-large\" alt=\"\" title=\"6\" srcset=\"https:\/\/martina-gleissenebner-teskey.com\/wp-content\/uploads\/2025\/09\/6.jpg 1350w, https:\/\/martina-gleissenebner-teskey.com\/wp-content\/uploads\/2025\/09\/6-300x240.jpg 300w, https:\/\/martina-gleissenebner-teskey.com\/wp-content\/uploads\/2025\/09\/6-768x614.jpg 768w, https:\/\/martina-gleissenebner-teskey.com\/wp-content\/uploads\/2025\/09\/6-15x12.jpg 15w\" sizes=\"auto, (max-width: 1080px) 100vw, 1080px\" \/>\n\t\t\t\t\t\t\t\t<div class=\"work-info-bg\"><\/div>\n\t\t\t\t\t\t\t\t<div class=\"work-info\">\n\n\n\t\t\t\t\t\t\t\t\t\t\t\t\t\t\t\t\t   \t\t\t <a href=\"https:\/\/martina-gleissenebner-teskey.com\/wp-content\/uploads\/2025\/09\/6.jpg\" class=\"pretty_photo\"><\/a>\n\t\t\t\t\t\t\t\t   \t\t\n\t\t\t\t\t\t\t\t\t\t<div class=\"vert-center\">\n\t\t\t\t\t\t\t\t\t\t\t\t\t\t\t\t\t\t\t\t\t<\/div><!--\/vert-center-->\n\n\t\t\t\t\t\t\t\t\t\n\n\t\t\t\t\t\t\t\t<\/div>\n\t\t\t\t\t\t\t<\/div><!--work-item-->\n\n\t\t\t\t\t\t\n\n\t\t\t\t\t\t<\/div><\/div> \n\t\t\t\t\t\t\n\t\t\t\t\t\t\t<div class=\"col span_4 regular element\" data-project-cat=\"\" data-default-color=\"true\" data-title-color=\"\" data-subtitle-color=\"\">\n\n\t\t\t\t\t\t\t<div class=\"inner-wrap animated\" data-animation=\"none\">\n\n\t\t\t\t\t\t\t\n\t\t\t\t\t\t\t<div class=\"work-item style-2\">\n\n\t\t\t\t\t\t\t\t<img loading=\"lazy\" decoding=\"async\" width=\"1080\" height=\"864\" src=\"https:\/\/martina-gleissenebner-teskey.com\/wp-content\/uploads\/2025\/09\/9.jpg\" class=\"skip-lazy top-level-image attachment-large\" alt=\"\" title=\"9\" srcset=\"https:\/\/martina-gleissenebner-teskey.com\/wp-content\/uploads\/2025\/09\/9.jpg 1350w, https:\/\/martina-gleissenebner-teskey.com\/wp-content\/uploads\/2025\/09\/9-300x240.jpg 300w, https:\/\/martina-gleissenebner-teskey.com\/wp-content\/uploads\/2025\/09\/9-768x614.jpg 768w, https:\/\/martina-gleissenebner-teskey.com\/wp-content\/uploads\/2025\/09\/9-15x12.jpg 15w\" sizes=\"auto, (max-width: 1080px) 100vw, 1080px\" \/>\n\t\t\t\t\t\t\t\t<div class=\"work-info-bg\"><\/div>\n\t\t\t\t\t\t\t\t<div class=\"work-info\">\n\n\n\t\t\t\t\t\t\t\t\t\t\t\t\t\t\t\t\t   \t\t\t <a href=\"https:\/\/martina-gleissenebner-teskey.com\/wp-content\/uploads\/2025\/09\/9.jpg\" class=\"pretty_photo\"><\/a>\n\t\t\t\t\t\t\t\t   \t\t\n\t\t\t\t\t\t\t\t\t\t<div class=\"vert-center\">\n\t\t\t\t\t\t\t\t\t\t\t\t\t\t\t\t\t\t\t\t\t<\/div><!--\/vert-center-->\n\n\t\t\t\t\t\t\t\t\t\n\n\t\t\t\t\t\t\t\t<\/div>\n\t\t\t\t\t\t\t<\/div><!--work-item-->\n\n\t\t\t\t\t\t\n\n\t\t\t\t\t\t<\/div><\/div> \n\t\t\t\t\t\t<\/div><\/div><\/div>\n\t\t<\/div> \n\t<\/div> <div class=\"divider-wrap\" data-alignment=\"default\"><div style=\"height: 25px;\" class=\"divider\"><\/div><\/div>\n<div class=\"wpb_text_column wpb_content_element\" >\n\t<div class=\"wpb_wrapper\">\n\t\t<p><em><strong>walk4future - REthink Fashion becomes a platform with a claim to power<\/strong><\/em><\/p>\n<p>In a long overdue conversation with Slow Fashionista <a href=\"https:\/\/susannebarta.com\" target=\"_blank\" rel=\"noopener\">Susanne Barta<\/a> For FRANZ MAGAZINE, I was finally able to set out my grand vision. We are working hard behind the scenes, a big launch is imminent - and all this is based on a very specific claim to power.<\/p>\n<p>Because yes, I admit: I am a power person. I love to MAKE things happen. I hate heteronomy and especially when it's unfair. When values are shifted in favor of unvalues.<\/p>\n<p>But read for yourself: <a href=\"https:\/\/franzmagazine.com\/2025\/09\/24\/die-grosse-vision-ist-dass-wir-gemeinsam-zu-einer-echten-marktmacht-werden\" target=\"_blank\" rel=\"noopener\">FRANZ MAGAZINE<\/a><\/p>\n\t<\/div>\n<\/div>\n\n\n\n<div class=\"divider-wrap\" data-alignment=\"default\"><div style=\"height: 25px;\" class=\"divider\"><\/div><\/div>\n\t\t\t<\/div> \n\t\t<\/div>\n\t<\/div> \n<\/div><\/div>","protected":false},"excerpt":{"rendered":"walk4future - REthink Fashion wird zu einer Plattform mit Machtanspruch In einem schon l\u00e4ngst \u00fcberf\u00e4lligen Gespr\u00e4ch mit Slow Fashionista Susanne Barta f\u00fcr das FRANZ MAGAZINE konnte ich endlich meine gro\u00dfe...","protected":false},"author":1,"featured_media":9750,"comment_status":"open","ping_status":"open","sticky":false,"template":"","format":"standard","meta":{"footnotes":""},"categories":[35],"tags":[68,67,38,69,36],"class_list":{"0":"post-9748","1":"post","2":"type-post","3":"status-publish","4":"format-standard","5":"has-post-thumbnail","7":"category-interviews","8":"tag-machtanspruch","9":"tag-marktmacht","10":"tag-nachhaltigkeit","11":"tag-slow-fashion","12":"tag-walk4future"},"yoast_head":"<!-- This site is optimized with the Yoast SEO Premium plugin v26.7 (Yoast SEO v27.5) - https:\/\/yoast.com\/product\/yoast-seo-premium-wordpress\/ -->\n<title>Die gro\u00dfe Vision ist, dass wir gemeinsam zu einer echten Marktmacht werden - Martina Gleissenebner-Teskey<\/title>\n<meta name=\"description\" content=\"walk4future - REthink Fashion wird zu einer Plattform mit MachtanspruchIn einem schon l\u00e4ngst \u00fcberf\u00e4lligen Gespr\u00e4ch mit Susanne Barta\" \/>\n<meta name=\"robots\" content=\"index, follow, max-snippet:-1, max-image-preview:large, max-video-preview:-1\" \/>\n<link rel=\"canonical\" href=\"https:\/\/martina-gleissenebner-teskey.com\/en\/2025\/09\/26\/the-great-vision\/\" \/>\n<meta property=\"og:locale\" content=\"en_US\" \/>\n<meta property=\"og:type\" content=\"article\" \/>\n<meta property=\"og:title\" content=\"Die gro\u00dfe Vision ist, dass wir gemeinsam zu einer echten Marktmacht werden\" \/>\n<meta property=\"og:description\" content=\"walk4future - REthink Fashion wird zu einer Plattform mit MachtanspruchIn einem schon l\u00e4ngst \u00fcberf\u00e4lligen Gespr\u00e4ch mit Susanne Barta\" \/>\n<meta property=\"og:url\" content=\"https:\/\/martina-gleissenebner-teskey.com\/en\/2025\/09\/26\/the-great-vision\/\" \/>\n<meta property=\"og:site_name\" content=\"Martina Gleissenebner-Teskey\" \/>\n<meta property=\"article:publisher\" content=\"https:\/\/www.facebook.com\/martina.gleissenebnerteskey.training\/\" \/>\n<meta property=\"article:published_time\" content=\"2025-09-26T15:27:57+00:00\" \/>\n<meta property=\"article:modified_time\" content=\"2025-09-26T15:29:47+00:00\" \/>\n<meta property=\"og:image\" content=\"https:\/\/martina-gleissenebner-teskey.com\/wp-content\/uploads\/2025\/09\/4.jpg\" \/>\n\t<meta property=\"og:image:width\" content=\"1350\" \/>\n\t<meta property=\"og:image:height\" content=\"1080\" \/>\n\t<meta property=\"og:image:type\" content=\"image\/jpeg\" \/>\n<meta name=\"author\" content=\"Martina\" \/>\n<meta name=\"twitter:card\" content=\"summary_large_image\" \/>\n<meta name=\"twitter:label1\" content=\"Written by\" \/>\n\t<meta name=\"twitter:data1\" content=\"Martina\" \/>\n\t<meta name=\"twitter:label2\" content=\"Est. reading time\" \/>\n\t<meta name=\"twitter:data2\" content=\"3 minutes\" \/>\n<script type=\"application\/ld+json\" class=\"yoast-schema-graph\">{\"@context\":\"https:\\\/\\\/schema.org\",\"@graph\":[{\"@type\":\"Article\",\"@id\":\"https:\\\/\\\/martina-gleissenebner-teskey.com\\\/2025\\\/09\\\/26\\\/die-grosse-vision\\\/#article\",\"isPartOf\":{\"@id\":\"https:\\\/\\\/martina-gleissenebner-teskey.com\\\/2025\\\/09\\\/26\\\/die-grosse-vision\\\/\"},\"author\":{\"name\":\"Martina\",\"@id\":\"https:\\\/\\\/martina-gleissenebner-teskey.com\\\/#\\\/schema\\\/person\\\/dd24cbe351cc5479e1a1e033917caf90\"},\"headline\":\"Die gro\u00dfe Vision ist, dass wir gemeinsam zu einer echten Marktmacht werden\",\"datePublished\":\"2025-09-26T15:27:57+00:00\",\"dateModified\":\"2025-09-26T15:29:47+00:00\",\"mainEntityOfPage\":{\"@id\":\"https:\\\/\\\/martina-gleissenebner-teskey.com\\\/2025\\\/09\\\/26\\\/die-grosse-vision\\\/\"},\"wordCount\":316,\"commentCount\":0,\"image\":{\"@id\":\"https:\\\/\\\/martina-gleissenebner-teskey.com\\\/2025\\\/09\\\/26\\\/die-grosse-vision\\\/#primaryimage\"},\"thumbnailUrl\":\"https:\\\/\\\/martina-gleissenebner-teskey.com\\\/wp-content\\\/uploads\\\/2025\\\/09\\\/4.jpg\",\"keywords\":[\"machtanspruch\",\"Marktmacht\",\"Nachhaltigkeit\",\"Slow Fashion\",\"walk4future\"],\"articleSection\":[\"Interviews\"],\"inLanguage\":\"en-US\",\"potentialAction\":[{\"@type\":\"CommentAction\",\"name\":\"Comment\",\"target\":[\"https:\\\/\\\/martina-gleissenebner-teskey.com\\\/2025\\\/09\\\/26\\\/die-grosse-vision\\\/#respond\"]}]},{\"@type\":\"WebPage\",\"@id\":\"https:\\\/\\\/martina-gleissenebner-teskey.com\\\/2025\\\/09\\\/26\\\/die-grosse-vision\\\/\",\"url\":\"https:\\\/\\\/martina-gleissenebner-teskey.com\\\/2025\\\/09\\\/26\\\/die-grosse-vision\\\/\",\"name\":\"Die gro\u00dfe Vision ist, dass wir gemeinsam zu einer echten Marktmacht werden - Martina Gleissenebner-Teskey\",\"isPartOf\":{\"@id\":\"https:\\\/\\\/martina-gleissenebner-teskey.com\\\/#website\"},\"primaryImageOfPage\":{\"@id\":\"https:\\\/\\\/martina-gleissenebner-teskey.com\\\/2025\\\/09\\\/26\\\/die-grosse-vision\\\/#primaryimage\"},\"image\":{\"@id\":\"https:\\\/\\\/martina-gleissenebner-teskey.com\\\/2025\\\/09\\\/26\\\/die-grosse-vision\\\/#primaryimage\"},\"thumbnailUrl\":\"https:\\\/\\\/martina-gleissenebner-teskey.com\\\/wp-content\\\/uploads\\\/2025\\\/09\\\/4.jpg\",\"datePublished\":\"2025-09-26T15:27:57+00:00\",\"dateModified\":\"2025-09-26T15:29:47+00:00\",\"author\":{\"@id\":\"https:\\\/\\\/martina-gleissenebner-teskey.com\\\/#\\\/schema\\\/person\\\/dd24cbe351cc5479e1a1e033917caf90\"},\"description\":\"walk4future - REthink Fashion wird zu einer Plattform mit MachtanspruchIn einem schon l\u00e4ngst \u00fcberf\u00e4lligen Gespr\u00e4ch mit Susanne Barta\",\"breadcrumb\":{\"@id\":\"https:\\\/\\\/martina-gleissenebner-teskey.com\\\/2025\\\/09\\\/26\\\/die-grosse-vision\\\/#breadcrumb\"},\"inLanguage\":\"en-US\",\"potentialAction\":[{\"@type\":\"ReadAction\",\"target\":[\"https:\\\/\\\/martina-gleissenebner-teskey.com\\\/2025\\\/09\\\/26\\\/die-grosse-vision\\\/\"]}]},{\"@type\":\"ImageObject\",\"inLanguage\":\"en-US\",\"@id\":\"https:\\\/\\\/martina-gleissenebner-teskey.com\\\/2025\\\/09\\\/26\\\/die-grosse-vision\\\/#primaryimage\",\"url\":\"https:\\\/\\\/martina-gleissenebner-teskey.com\\\/wp-content\\\/uploads\\\/2025\\\/09\\\/4.jpg\",\"contentUrl\":\"https:\\\/\\\/martina-gleissenebner-teskey.com\\\/wp-content\\\/uploads\\\/2025\\\/09\\\/4.jpg\",\"width\":1350,\"height\":1080,\"caption\":\"Foto: Sabine Starmayr\"},{\"@type\":\"BreadcrumbList\",\"@id\":\"https:\\\/\\\/martina-gleissenebner-teskey.com\\\/2025\\\/09\\\/26\\\/die-grosse-vision\\\/#breadcrumb\",\"itemListElement\":[{\"@type\":\"ListItem\",\"position\":1,\"name\":\"Startseite\",\"item\":\"https:\\\/\\\/martina-gleissenebner-teskey.com\\\/\"},{\"@type\":\"ListItem\",\"position\":2,\"name\":\"Die gro\u00dfe Vision ist, dass wir gemeinsam zu einer echten Marktmacht werden\"}]},{\"@type\":\"WebSite\",\"@id\":\"https:\\\/\\\/martina-gleissenebner-teskey.com\\\/#website\",\"url\":\"https:\\\/\\\/martina-gleissenebner-teskey.com\\\/\",\"name\":\"Martina Gleissenebner-Teskey\",\"description\":\"The Personality Entrepreneur\",\"potentialAction\":[{\"@type\":\"SearchAction\",\"target\":{\"@type\":\"EntryPoint\",\"urlTemplate\":\"https:\\\/\\\/martina-gleissenebner-teskey.com\\\/?s={search_term_string}\"},\"query-input\":{\"@type\":\"PropertyValueSpecification\",\"valueRequired\":true,\"valueName\":\"search_term_string\"}}],\"inLanguage\":\"en-US\"},{\"@type\":\"Person\",\"@id\":\"https:\\\/\\\/martina-gleissenebner-teskey.com\\\/#\\\/schema\\\/person\\\/dd24cbe351cc5479e1a1e033917caf90\",\"name\":\"Martina\",\"sameAs\":[\"https:\\\/\\\/martina-gleissenebner-teskey.com\"],\"url\":\"https:\\\/\\\/martina-gleissenebner-teskey.com\\\/en\\\/author\\\/admin\\\/\"}]}<\/script>\n<!-- \/ Yoast SEO Premium plugin. -->","yoast_head_json":{"title":"The big vision is that together we will become a real market power - Martina Gleissenebner-Teskey","description":"walk4future - REthink Fashion becomes a platform with a claim to powerIn a long overdue conversation with Susanne Barta","robots":{"index":"index","follow":"follow","max-snippet":"max-snippet:-1","max-image-preview":"max-image-preview:large","max-video-preview":"max-video-preview:-1"},"canonical":"https:\/\/martina-gleissenebner-teskey.com\/en\/2025\/09\/26\/the-great-vision\/","og_locale":"en_US","og_type":"article","og_title":"Die gro\u00dfe Vision ist, dass wir gemeinsam zu einer echten Marktmacht werden","og_description":"walk4future - REthink Fashion wird zu einer Plattform mit MachtanspruchIn einem schon l\u00e4ngst \u00fcberf\u00e4lligen Gespr\u00e4ch mit Susanne Barta","og_url":"https:\/\/martina-gleissenebner-teskey.com\/en\/2025\/09\/26\/the-great-vision\/","og_site_name":"Martina Gleissenebner-Teskey","article_publisher":"https:\/\/www.facebook.com\/martina.gleissenebnerteskey.training\/","article_published_time":"2025-09-26T15:27:57+00:00","article_modified_time":"2025-09-26T15:29:47+00:00","og_image":[{"width":1350,"height":1080,"url":"https:\/\/martina-gleissenebner-teskey.com\/wp-content\/uploads\/2025\/09\/4.jpg","type":"image\/jpeg"}],"author":"Martina","twitter_card":"summary_large_image","twitter_misc":{"Written by":"Martina","Est. reading time":"3 minutes"},"schema":{"@context":"https:\/\/schema.org","@graph":[{"@type":"Article","@id":"https:\/\/martina-gleissenebner-teskey.com\/2025\/09\/26\/die-grosse-vision\/#article","isPartOf":{"@id":"https:\/\/martina-gleissenebner-teskey.com\/2025\/09\/26\/die-grosse-vision\/"},"author":{"name":"Martina","@id":"https:\/\/martina-gleissenebner-teskey.com\/#\/schema\/person\/dd24cbe351cc5479e1a1e033917caf90"},"headline":"Die gro\u00dfe Vision ist, dass wir gemeinsam zu einer echten Marktmacht werden","datePublished":"2025-09-26T15:27:57+00:00","dateModified":"2025-09-26T15:29:47+00:00","mainEntityOfPage":{"@id":"https:\/\/martina-gleissenebner-teskey.com\/2025\/09\/26\/die-grosse-vision\/"},"wordCount":316,"commentCount":0,"image":{"@id":"https:\/\/martina-gleissenebner-teskey.com\/2025\/09\/26\/die-grosse-vision\/#primaryimage"},"thumbnailUrl":"https:\/\/martina-gleissenebner-teskey.com\/wp-content\/uploads\/2025\/09\/4.jpg","keywords":["machtanspruch","Marktmacht","Nachhaltigkeit","Slow Fashion","walk4future"],"articleSection":["Interviews"],"inLanguage":"en-US","potentialAction":[{"@type":"CommentAction","name":"Comment","target":["https:\/\/martina-gleissenebner-teskey.com\/2025\/09\/26\/die-grosse-vision\/#respond"]}]},{"@type":"WebPage","@id":"https:\/\/martina-gleissenebner-teskey.com\/2025\/09\/26\/die-grosse-vision\/","url":"https:\/\/martina-gleissenebner-teskey.com\/2025\/09\/26\/die-grosse-vision\/","name":"The big vision is that together we will become a real market power - Martina Gleissenebner-Teskey","isPartOf":{"@id":"https:\/\/martina-gleissenebner-teskey.com\/#website"},"primaryImageOfPage":{"@id":"https:\/\/martina-gleissenebner-teskey.com\/2025\/09\/26\/die-grosse-vision\/#primaryimage"},"image":{"@id":"https:\/\/martina-gleissenebner-teskey.com\/2025\/09\/26\/die-grosse-vision\/#primaryimage"},"thumbnailUrl":"https:\/\/martina-gleissenebner-teskey.com\/wp-content\/uploads\/2025\/09\/4.jpg","datePublished":"2025-09-26T15:27:57+00:00","dateModified":"2025-09-26T15:29:47+00:00","author":{"@id":"https:\/\/martina-gleissenebner-teskey.com\/#\/schema\/person\/dd24cbe351cc5479e1a1e033917caf90"},"description":"walk4future - REthink Fashion becomes a platform with a claim to powerIn a long overdue conversation with Susanne Barta","breadcrumb":{"@id":"https:\/\/martina-gleissenebner-teskey.com\/2025\/09\/26\/die-grosse-vision\/#breadcrumb"},"inLanguage":"en-US","potentialAction":[{"@type":"ReadAction","target":["https:\/\/martina-gleissenebner-teskey.com\/2025\/09\/26\/die-grosse-vision\/"]}]},{"@type":"ImageObject","inLanguage":"en-US","@id":"https:\/\/martina-gleissenebner-teskey.com\/2025\/09\/26\/die-grosse-vision\/#primaryimage","url":"https:\/\/martina-gleissenebner-teskey.com\/wp-content\/uploads\/2025\/09\/4.jpg","contentUrl":"https:\/\/martina-gleissenebner-teskey.com\/wp-content\/uploads\/2025\/09\/4.jpg","width":1350,"height":1080,"caption":"Foto: Sabine Starmayr"},{"@type":"BreadcrumbList","@id":"https:\/\/martina-gleissenebner-teskey.com\/2025\/09\/26\/die-grosse-vision\/#breadcrumb","itemListElement":[{"@type":"ListItem","position":1,"name":"Startseite","item":"https:\/\/martina-gleissenebner-teskey.com\/"},{"@type":"ListItem","position":2,"name":"Die gro\u00dfe Vision ist, dass wir gemeinsam zu einer echten Marktmacht werden"}]},{"@type":"WebSite","@id":"https:\/\/martina-gleissenebner-teskey.com\/#website","url":"https:\/\/martina-gleissenebner-teskey.com\/","name":"Martina Gleissenebner-Teskey","description":"The Personality Entrepreneur","potentialAction":[{"@type":"SearchAction","target":{"@type":"EntryPoint","urlTemplate":"https:\/\/martina-gleissenebner-teskey.com\/?s={search_term_string}"},"query-input":{"@type":"PropertyValueSpecification","valueRequired":true,"valueName":"search_term_string"}}],"inLanguage":"en-US"},{"@type":"Person","@id":"https:\/\/martina-gleissenebner-teskey.com\/#\/schema\/person\/dd24cbe351cc5479e1a1e033917caf90","name":"Martina","sameAs":["https:\/\/martina-gleissenebner-teskey.com"],"url":"https:\/\/martina-gleissenebner-teskey.com\/en\/author\/admin\/"}]}},"_links":{"self":[{"href":"https:\/\/martina-gleissenebner-teskey.com\/en\/wp-json\/wp\/v2\/posts\/9748","targetHints":{"allow":["GET"]}}],"collection":[{"href":"https:\/\/martina-gleissenebner-teskey.com\/en\/wp-json\/wp\/v2\/posts"}],"about":[{"href":"https:\/\/martina-gleissenebner-teskey.com\/en\/wp-json\/wp\/v2\/types\/post"}],"author":[{"embeddable":true,"href":"https:\/\/martina-gleissenebner-teskey.com\/en\/wp-json\/wp\/v2\/users\/1"}],"replies":[{"embeddable":true,"href":"https:\/\/martina-gleissenebner-teskey.com\/en\/wp-json\/wp\/v2\/comments?post=9748"}],"version-history":[{"count":4,"href":"https:\/\/martina-gleissenebner-teskey.com\/en\/wp-json\/wp\/v2\/posts\/9748\/revisions"}],"predecessor-version":[{"id":9758,"href":"https:\/\/martina-gleissenebner-teskey.com\/en\/wp-json\/wp\/v2\/posts\/9748\/revisions\/9758"}],"wp:featuredmedia":[{"embeddable":true,"href":"https:\/\/martina-gleissenebner-teskey.com\/en\/wp-json\/wp\/v2\/media\/9750"}],"wp:attachment":[{"href":"https:\/\/martina-gleissenebner-teskey.com\/en\/wp-json\/wp\/v2\/media?parent=9748"}],"wp:term":[{"taxonomy":"category","embeddable":true,"href":"https:\/\/martina-gleissenebner-teskey.com\/en\/wp-json\/wp\/v2\/categories?post=9748"},{"taxonomy":"post_tag","embeddable":true,"href":"https:\/\/martina-gleissenebner-teskey.com\/en\/wp-json\/wp\/v2\/tags?post=9748"}],"curies":[{"name":"wp","href":"https:\/\/api.w.org\/{rel}","templated":true}]}}