{"id":9740,"date":"2025-08-17T08:10:15","date_gmt":"2025-08-17T06:10:15","guid":{"rendered":"https:\/\/martina-gleissenebner-teskey.com\/?p=9740"},"modified":"2025-08-14T15:18:54","modified_gmt":"2025-08-14T13:18:54","slug":"the-power-of-women-in-conversation-with-barbara-klinka-ghezzo","status":"publish","type":"post","link":"https:\/\/martina-gleissenebner-teskey.com\/en\/2025\/08\/17\/die-macht-der-frauen-im-gespraech-mit-barbara-klinka-ghezzo\/","title":{"rendered":"The power of women: In conversation with Barbara Klinka-Ghezzo"},"content":{"rendered":"<div id=\"fws_69f3519592994\"  data-column-margin=\"default\" data-midnight=\"dark\"  class=\"wpb_row vc_row-fluid vc_row\"  style=\"padding-top: 0px; padding-bottom: 0px; \"><div class=\"row-bg-wrap\" data-bg-animation=\"none\" data-bg-animation-delay=\"\" data-bg-overlay=\"false\"><div class=\"inner-wrap row-bg-layer\" ><div class=\"row-bg viewport-desktop\"  style=\"\"><\/div><\/div><\/div><div class=\"row_col_wrap_12 col span_12 dark left\">\n\t<div  class=\"vc_col-sm-12 wpb_column column_container vc_column_container col no-extra-padding inherit_tablet inherit_phone\"  data-padding-pos=\"all\" data-has-bg-color=\"false\" data-bg-color=\"\" data-bg-opacity=\"1\" data-animation=\"\" data-delay=\"0\" >\n\t\t<div class=\"vc_column-inner\" >\n\t\t\t<div class=\"wpb_wrapper\">\n\t\t\t\t<div id=\"fws_69f35195933b8\" data-midnight=\"\" data-column-margin=\"default\" class=\"wpb_row vc_row-fluid vc_row inner_row vc_row-o-equal-height vc_row-flex vc_row-o-content-top\"  style=\"\"><div class=\"row-bg-wrap\"> <div class=\"row-bg\" ><\/div> <\/div><div class=\"row_col_wrap_12_inner col span_12  left\">\n\t<div  class=\"vc_col-sm-12 wpb_column column_container vc_column_container col child_column no-extra-padding inherit_tablet inherit_phone\"   data-padding-pos=\"all\" data-has-bg-color=\"false\" data-bg-color=\"\" data-bg-opacity=\"1\" data-animation=\"\" data-delay=\"0\" >\n\t\t<div class=\"vc_column-inner\" >\n\t\t<div class=\"wpb_wrapper\">\n\t\t\t<div class=\"nectar-video-box\" data-color=\"default-accent-color\"  data-play-button-size=\"default\" data-border-radius=\"none\" data-hover=\"defaut\" data-shadow=\"none\"><div class=\"inner-wrap\"><a href=\"https:\/\/www.youtube.com\/watch?v=h61FTEoYLxk\" class=\"full-link pp\"><\/a><img loading=\"lazy\" decoding=\"async\" width=\"1920\" height=\"1080\" src=\"https:\/\/martina-gleissenebner-teskey.com\/wp-content\/uploads\/2025\/08\/Die-Macht-der-Frauen-Cover.jpg\" class=\"attachment-full size-full\" alt=\"\" srcset=\"https:\/\/martina-gleissenebner-teskey.com\/wp-content\/uploads\/2025\/08\/Die-Macht-der-Frauen-Cover.jpg 1920w, https:\/\/martina-gleissenebner-teskey.com\/wp-content\/uploads\/2025\/08\/Die-Macht-der-Frauen-Cover-300x169.jpg 300w, https:\/\/martina-gleissenebner-teskey.com\/wp-content\/uploads\/2025\/08\/Die-Macht-der-Frauen-Cover-768x432.jpg 768w, https:\/\/martina-gleissenebner-teskey.com\/wp-content\/uploads\/2025\/08\/Die-Macht-der-Frauen-Cover-1536x864.jpg 1536w, https:\/\/martina-gleissenebner-teskey.com\/wp-content\/uploads\/2025\/08\/Die-Macht-der-Frauen-Cover-18x10.jpg 18w\" sizes=\"auto, (max-width: 1920px) 100vw, 1920px\" \/><a href=\"https:\/\/www.youtube.com\/watch?v=h61FTEoYLxk\"  data-style=\"default\" data-parent-hover=\"\" data-font-style=\"p\" data-color=\"default\" class=\"play_button_2 large nectar_video_lightbox pp\"><span><span class=\"screen-reader-text\">Play Video<\/span><span class=\"play\"><span class=\"inner-wrap inner\"><svg version=\"1.1\"\n\t xmlns=\"http:\/\/www.w3.org\/2000\/svg\" xmlns:xlink=\"http:\/\/www.w3.org\/1999\/xlink\" width=\"600px\" height=\"800px\" x=\"0px\" y=\"0px\" viewbox=\"0 0 600 800\" enable-background=\"new 0 0 600 800\" xml:space=\"preserve\"><path fill=\"none\" d=\"M0-1.79v800L600,395L0-1.79z\"><\/path> <\/svg><\/span><\/span><\/span><\/a><\/div><\/div>\n\t\t<\/div> \n\t<\/div>\n\t<\/div> \n<\/div><\/div><div class=\"divider-wrap\" data-alignment=\"default\"><div style=\"height: 25px;\" class=\"divider\"><\/div><\/div>\n<div class=\"wpb_text_column wpb_content_element\" >\n\t<div class=\"wpb_wrapper\">\n\t\t<ul>\n<li>How do you position yourself as a woman in a male domain?<\/li>\n<li>How do women appear in order to be seen and heard?<\/li>\n<li>What do women need to voluntarily step out of the shadow of the second row?<\/li>\n<li>What do women need to learn to be successful?<\/li>\n<\/ul>\n<p>I put these and many other questions to Barbara Klinka-Ghezzo, Managing Director of CONFARE GmbH, in this fascinating interview at one of Vienna's most beautiful locations.<\/p>\n<p>My enthusiasm for some statements has not diminished even after listening to them for the 10th time.<\/p>\n<p>I am curious to know which ones YOU find particularly valuable and, above all, we are interested in your answer to my final question.<\/p>\n<p>You can find out more about the CONFARE female IT community here:\u00a0<a href=\"https:\/\/confare.at\/c\/female-it\/\" target=\"_blank\" rel=\"noopener\">CONFARE Female IT Community<\/a><\/p>\n<p>Network with Barbara on <a href=\"https:\/\/www.linkedin.com\/in\/barbara-klinka-ghezzo-b45675ba\/\" target=\"_blank\" rel=\"noopener\">LinkedIn<\/a>.<\/p>\n<p>Barbara's dress comes from the German label Marianna D\u00e8ri.<\/p>\n\t<\/div>\n<\/div>\n\n\n\n<div class=\"divider-wrap\" data-alignment=\"default\"><div style=\"height: 25px;\" class=\"divider\"><\/div><\/div>\n\t\t\t<\/div> \n\t\t<\/div>\n\t<\/div> \n<\/div><\/div>","protected":false},"excerpt":{"rendered":"Play Video Wie positioniert man sich als Frau in einer M\u00e4nnerdom\u00e4ne? Wie tritt frau auf, um gesehen und geh\u00f6rt zu werden? Was brauchen Frauen, um freiwillig aus dem Schatten der...","protected":false},"author":1,"featured_media":9744,"comment_status":"open","ping_status":"open","sticky":false,"template":"","format":"standard","meta":{"footnotes":""},"categories":[35,18],"tags":[66,65,28,64],"class_list":{"0":"post-9740","1":"post","2":"type-post","3":"status-publish","4":"format-standard","5":"has-post-thumbnail","7":"category-interviews","8":"category-podcast","9":"tag-22-minutes-to-rise","10":"tag-barbara-klinka-ghezzo","11":"tag-karrieretipps","12":"tag-mentoring"},"yoast_head":"<!-- This site is optimized with the Yoast SEO Premium plugin v26.7 (Yoast SEO v27.5) - https:\/\/yoast.com\/product\/yoast-seo-premium-wordpress\/ -->\n<title>Die Macht der Frauen: Im Gespr\u00e4ch mit Barbara Klinka-Ghezzo - Martina Gleissenebner-Teskey<\/title>\n<meta name=\"description\" content=\"In dieser Interview-Folge von 22 Minutes to RISE, spreche ich mit Gesch\u00e4ftsf\u00fchrerin Barbara Klinka-Ghezzo \u00fcber weiblichen Erfolg\" \/>\n<meta name=\"robots\" content=\"index, follow, max-snippet:-1, max-image-preview:large, max-video-preview:-1\" \/>\n<link rel=\"canonical\" href=\"https:\/\/martina-gleissenebner-teskey.com\/en\/2025\/08\/17\/the-power-of-women-in-conversation-with-barbara-klinka-ghezzo\/\" \/>\n<meta property=\"og:locale\" content=\"en_US\" \/>\n<meta property=\"og:type\" content=\"article\" \/>\n<meta property=\"og:title\" content=\"Die Macht der Frauen: Im Gespr\u00e4ch mit Barbara Klinka-Ghezzo\" \/>\n<meta property=\"og:description\" content=\"In dieser Interview-Folge von 22 Minutes to RISE, spreche ich mit Gesch\u00e4ftsf\u00fchrerin Barbara Klinka-Ghezzo \u00fcber weiblichen Erfolg\" \/>\n<meta property=\"og:url\" content=\"https:\/\/martina-gleissenebner-teskey.com\/en\/2025\/08\/17\/the-power-of-women-in-conversation-with-barbara-klinka-ghezzo\/\" \/>\n<meta property=\"og:site_name\" content=\"Martina Gleissenebner-Teskey\" \/>\n<meta property=\"article:publisher\" content=\"https:\/\/www.facebook.com\/martina.gleissenebnerteskey.training\/\" \/>\n<meta property=\"article:published_time\" content=\"2025-08-17T06:10:15+00:00\" \/>\n<meta property=\"og:image\" content=\"https:\/\/martina-gleissenebner-teskey.com\/wp-content\/uploads\/2025\/08\/Die-Macht-der-Frauen-Cover.jpg\" \/>\n\t<meta property=\"og:image:width\" content=\"1920\" \/>\n\t<meta property=\"og:image:height\" content=\"1080\" \/>\n\t<meta property=\"og:image:type\" content=\"image\/jpeg\" \/>\n<meta name=\"author\" content=\"Martina\" \/>\n<meta name=\"twitter:card\" content=\"summary_large_image\" \/>\n<meta name=\"twitter:label1\" content=\"Written by\" \/>\n\t<meta name=\"twitter:data1\" content=\"Martina\" \/>\n\t<meta name=\"twitter:label2\" content=\"Est. reading time\" \/>\n\t<meta name=\"twitter:data2\" content=\"2 minutes\" \/>\n<script type=\"application\/ld+json\" class=\"yoast-schema-graph\">{\"@context\":\"https:\\\/\\\/schema.org\",\"@graph\":[{\"@type\":\"Article\",\"@id\":\"https:\\\/\\\/martina-gleissenebner-teskey.com\\\/2025\\\/08\\\/17\\\/die-macht-der-frauen-im-gespraech-mit-barbara-klinka-ghezzo\\\/#article\",\"isPartOf\":{\"@id\":\"https:\\\/\\\/martina-gleissenebner-teskey.com\\\/2025\\\/08\\\/17\\\/die-macht-der-frauen-im-gespraech-mit-barbara-klinka-ghezzo\\\/\"},\"author\":{\"name\":\"Martina\",\"@id\":\"https:\\\/\\\/martina-gleissenebner-teskey.com\\\/#\\\/schema\\\/person\\\/dd24cbe351cc5479e1a1e033917caf90\"},\"headline\":\"Die Macht der Frauen: Im Gespr\u00e4ch mit Barbara Klinka-Ghezzo\",\"datePublished\":\"2025-08-17T06:10:15+00:00\",\"mainEntityOfPage\":{\"@id\":\"https:\\\/\\\/martina-gleissenebner-teskey.com\\\/2025\\\/08\\\/17\\\/die-macht-der-frauen-im-gespraech-mit-barbara-klinka-ghezzo\\\/\"},\"wordCount\":496,\"commentCount\":0,\"image\":{\"@id\":\"https:\\\/\\\/martina-gleissenebner-teskey.com\\\/2025\\\/08\\\/17\\\/die-macht-der-frauen-im-gespraech-mit-barbara-klinka-ghezzo\\\/#primaryimage\"},\"thumbnailUrl\":\"https:\\\/\\\/martina-gleissenebner-teskey.com\\\/wp-content\\\/uploads\\\/2025\\\/08\\\/Die-Macht-der-Frauen-Cover.jpg\",\"keywords\":[\"22 Minutes to Rise\",\"Barbara Klinka-Ghezzo\",\"Karrieretipps\",\"Mentoring\"],\"articleSection\":[\"Interviews\",\"Podcast\"],\"inLanguage\":\"en-US\",\"potentialAction\":[{\"@type\":\"CommentAction\",\"name\":\"Comment\",\"target\":[\"https:\\\/\\\/martina-gleissenebner-teskey.com\\\/2025\\\/08\\\/17\\\/die-macht-der-frauen-im-gespraech-mit-barbara-klinka-ghezzo\\\/#respond\"]}]},{\"@type\":\"WebPage\",\"@id\":\"https:\\\/\\\/martina-gleissenebner-teskey.com\\\/2025\\\/08\\\/17\\\/die-macht-der-frauen-im-gespraech-mit-barbara-klinka-ghezzo\\\/\",\"url\":\"https:\\\/\\\/martina-gleissenebner-teskey.com\\\/2025\\\/08\\\/17\\\/die-macht-der-frauen-im-gespraech-mit-barbara-klinka-ghezzo\\\/\",\"name\":\"Die Macht der Frauen: Im Gespr\u00e4ch mit Barbara Klinka-Ghezzo - Martina Gleissenebner-Teskey\",\"isPartOf\":{\"@id\":\"https:\\\/\\\/martina-gleissenebner-teskey.com\\\/#website\"},\"primaryImageOfPage\":{\"@id\":\"https:\\\/\\\/martina-gleissenebner-teskey.com\\\/2025\\\/08\\\/17\\\/die-macht-der-frauen-im-gespraech-mit-barbara-klinka-ghezzo\\\/#primaryimage\"},\"image\":{\"@id\":\"https:\\\/\\\/martina-gleissenebner-teskey.com\\\/2025\\\/08\\\/17\\\/die-macht-der-frauen-im-gespraech-mit-barbara-klinka-ghezzo\\\/#primaryimage\"},\"thumbnailUrl\":\"https:\\\/\\\/martina-gleissenebner-teskey.com\\\/wp-content\\\/uploads\\\/2025\\\/08\\\/Die-Macht-der-Frauen-Cover.jpg\",\"datePublished\":\"2025-08-17T06:10:15+00:00\",\"author\":{\"@id\":\"https:\\\/\\\/martina-gleissenebner-teskey.com\\\/#\\\/schema\\\/person\\\/dd24cbe351cc5479e1a1e033917caf90\"},\"description\":\"In dieser Interview-Folge von 22 Minutes to RISE, spreche ich mit Gesch\u00e4ftsf\u00fchrerin Barbara Klinka-Ghezzo \u00fcber weiblichen Erfolg\",\"breadcrumb\":{\"@id\":\"https:\\\/\\\/martina-gleissenebner-teskey.com\\\/2025\\\/08\\\/17\\\/die-macht-der-frauen-im-gespraech-mit-barbara-klinka-ghezzo\\\/#breadcrumb\"},\"inLanguage\":\"en-US\",\"potentialAction\":[{\"@type\":\"ReadAction\",\"target\":[\"https:\\\/\\\/martina-gleissenebner-teskey.com\\\/2025\\\/08\\\/17\\\/die-macht-der-frauen-im-gespraech-mit-barbara-klinka-ghezzo\\\/\"]}]},{\"@type\":\"ImageObject\",\"inLanguage\":\"en-US\",\"@id\":\"https:\\\/\\\/martina-gleissenebner-teskey.com\\\/2025\\\/08\\\/17\\\/die-macht-der-frauen-im-gespraech-mit-barbara-klinka-ghezzo\\\/#primaryimage\",\"url\":\"https:\\\/\\\/martina-gleissenebner-teskey.com\\\/wp-content\\\/uploads\\\/2025\\\/08\\\/Die-Macht-der-Frauen-Cover.jpg\",\"contentUrl\":\"https:\\\/\\\/martina-gleissenebner-teskey.com\\\/wp-content\\\/uploads\\\/2025\\\/08\\\/Die-Macht-der-Frauen-Cover.jpg\",\"width\":1920,\"height\":1080,\"caption\":\"Mit Barbara Klinka-Ghezzo im Gespr\u00e4ch\"},{\"@type\":\"BreadcrumbList\",\"@id\":\"https:\\\/\\\/martina-gleissenebner-teskey.com\\\/2025\\\/08\\\/17\\\/die-macht-der-frauen-im-gespraech-mit-barbara-klinka-ghezzo\\\/#breadcrumb\",\"itemListElement\":[{\"@type\":\"ListItem\",\"position\":1,\"name\":\"Startseite\",\"item\":\"https:\\\/\\\/martina-gleissenebner-teskey.com\\\/\"},{\"@type\":\"ListItem\",\"position\":2,\"name\":\"Die Macht der Frauen: Im Gespr\u00e4ch mit Barbara Klinka-Ghezzo\"}]},{\"@type\":\"WebSite\",\"@id\":\"https:\\\/\\\/martina-gleissenebner-teskey.com\\\/#website\",\"url\":\"https:\\\/\\\/martina-gleissenebner-teskey.com\\\/\",\"name\":\"Martina Gleissenebner-Teskey\",\"description\":\"The Personality Entrepreneur\",\"potentialAction\":[{\"@type\":\"SearchAction\",\"target\":{\"@type\":\"EntryPoint\",\"urlTemplate\":\"https:\\\/\\\/martina-gleissenebner-teskey.com\\\/?s={search_term_string}\"},\"query-input\":{\"@type\":\"PropertyValueSpecification\",\"valueRequired\":true,\"valueName\":\"search_term_string\"}}],\"inLanguage\":\"en-US\"},{\"@type\":\"Person\",\"@id\":\"https:\\\/\\\/martina-gleissenebner-teskey.com\\\/#\\\/schema\\\/person\\\/dd24cbe351cc5479e1a1e033917caf90\",\"name\":\"Martina\",\"sameAs\":[\"https:\\\/\\\/martina-gleissenebner-teskey.com\"],\"url\":\"https:\\\/\\\/martina-gleissenebner-teskey.com\\\/en\\\/author\\\/admin\\\/\"}]}<\/script>\n<!-- \/ Yoast SEO Premium plugin. -->","yoast_head_json":{"title":"The power of women: In conversation with Barbara Klinka-Ghezzo - Martina Gleissenebner-Teskey","description":"In this interview episode of 22 Minutes to RISE, I talk to Managing Director Barbara Klinka-Ghezzo about female success","robots":{"index":"index","follow":"follow","max-snippet":"max-snippet:-1","max-image-preview":"max-image-preview:large","max-video-preview":"max-video-preview:-1"},"canonical":"https:\/\/martina-gleissenebner-teskey.com\/en\/2025\/08\/17\/the-power-of-women-in-conversation-with-barbara-klinka-ghezzo\/","og_locale":"en_US","og_type":"article","og_title":"Die Macht der Frauen: Im Gespr\u00e4ch mit Barbara Klinka-Ghezzo","og_description":"In dieser Interview-Folge von 22 Minutes to RISE, spreche ich mit Gesch\u00e4ftsf\u00fchrerin Barbara Klinka-Ghezzo \u00fcber weiblichen Erfolg","og_url":"https:\/\/martina-gleissenebner-teskey.com\/en\/2025\/08\/17\/the-power-of-women-in-conversation-with-barbara-klinka-ghezzo\/","og_site_name":"Martina Gleissenebner-Teskey","article_publisher":"https:\/\/www.facebook.com\/martina.gleissenebnerteskey.training\/","article_published_time":"2025-08-17T06:10:15+00:00","og_image":[{"width":1920,"height":1080,"url":"https:\/\/martina-gleissenebner-teskey.com\/wp-content\/uploads\/2025\/08\/Die-Macht-der-Frauen-Cover.jpg","type":"image\/jpeg"}],"author":"Martina","twitter_card":"summary_large_image","twitter_misc":{"Written by":"Martina","Est. reading time":"2 minutes"},"schema":{"@context":"https:\/\/schema.org","@graph":[{"@type":"Article","@id":"https:\/\/martina-gleissenebner-teskey.com\/2025\/08\/17\/die-macht-der-frauen-im-gespraech-mit-barbara-klinka-ghezzo\/#article","isPartOf":{"@id":"https:\/\/martina-gleissenebner-teskey.com\/2025\/08\/17\/die-macht-der-frauen-im-gespraech-mit-barbara-klinka-ghezzo\/"},"author":{"name":"Martina","@id":"https:\/\/martina-gleissenebner-teskey.com\/#\/schema\/person\/dd24cbe351cc5479e1a1e033917caf90"},"headline":"Die Macht der Frauen: Im Gespr\u00e4ch mit Barbara Klinka-Ghezzo","datePublished":"2025-08-17T06:10:15+00:00","mainEntityOfPage":{"@id":"https:\/\/martina-gleissenebner-teskey.com\/2025\/08\/17\/die-macht-der-frauen-im-gespraech-mit-barbara-klinka-ghezzo\/"},"wordCount":496,"commentCount":0,"image":{"@id":"https:\/\/martina-gleissenebner-teskey.com\/2025\/08\/17\/die-macht-der-frauen-im-gespraech-mit-barbara-klinka-ghezzo\/#primaryimage"},"thumbnailUrl":"https:\/\/martina-gleissenebner-teskey.com\/wp-content\/uploads\/2025\/08\/Die-Macht-der-Frauen-Cover.jpg","keywords":["22 Minutes to Rise","Barbara Klinka-Ghezzo","Karrieretipps","Mentoring"],"articleSection":["Interviews","Podcast"],"inLanguage":"en-US","potentialAction":[{"@type":"CommentAction","name":"Comment","target":["https:\/\/martina-gleissenebner-teskey.com\/2025\/08\/17\/die-macht-der-frauen-im-gespraech-mit-barbara-klinka-ghezzo\/#respond"]}]},{"@type":"WebPage","@id":"https:\/\/martina-gleissenebner-teskey.com\/2025\/08\/17\/die-macht-der-frauen-im-gespraech-mit-barbara-klinka-ghezzo\/","url":"https:\/\/martina-gleissenebner-teskey.com\/2025\/08\/17\/die-macht-der-frauen-im-gespraech-mit-barbara-klinka-ghezzo\/","name":"The power of women: In conversation with Barbara Klinka-Ghezzo - Martina Gleissenebner-Teskey","isPartOf":{"@id":"https:\/\/martina-gleissenebner-teskey.com\/#website"},"primaryImageOfPage":{"@id":"https:\/\/martina-gleissenebner-teskey.com\/2025\/08\/17\/die-macht-der-frauen-im-gespraech-mit-barbara-klinka-ghezzo\/#primaryimage"},"image":{"@id":"https:\/\/martina-gleissenebner-teskey.com\/2025\/08\/17\/die-macht-der-frauen-im-gespraech-mit-barbara-klinka-ghezzo\/#primaryimage"},"thumbnailUrl":"https:\/\/martina-gleissenebner-teskey.com\/wp-content\/uploads\/2025\/08\/Die-Macht-der-Frauen-Cover.jpg","datePublished":"2025-08-17T06:10:15+00:00","author":{"@id":"https:\/\/martina-gleissenebner-teskey.com\/#\/schema\/person\/dd24cbe351cc5479e1a1e033917caf90"},"description":"In this interview episode of 22 Minutes to RISE, I talk to Managing Director Barbara Klinka-Ghezzo about female success","breadcrumb":{"@id":"https:\/\/martina-gleissenebner-teskey.com\/2025\/08\/17\/die-macht-der-frauen-im-gespraech-mit-barbara-klinka-ghezzo\/#breadcrumb"},"inLanguage":"en-US","potentialAction":[{"@type":"ReadAction","target":["https:\/\/martina-gleissenebner-teskey.com\/2025\/08\/17\/die-macht-der-frauen-im-gespraech-mit-barbara-klinka-ghezzo\/"]}]},{"@type":"ImageObject","inLanguage":"en-US","@id":"https:\/\/martina-gleissenebner-teskey.com\/2025\/08\/17\/die-macht-der-frauen-im-gespraech-mit-barbara-klinka-ghezzo\/#primaryimage","url":"https:\/\/martina-gleissenebner-teskey.com\/wp-content\/uploads\/2025\/08\/Die-Macht-der-Frauen-Cover.jpg","contentUrl":"https:\/\/martina-gleissenebner-teskey.com\/wp-content\/uploads\/2025\/08\/Die-Macht-der-Frauen-Cover.jpg","width":1920,"height":1080,"caption":"Mit Barbara Klinka-Ghezzo im Gespr\u00e4ch"},{"@type":"BreadcrumbList","@id":"https:\/\/martina-gleissenebner-teskey.com\/2025\/08\/17\/die-macht-der-frauen-im-gespraech-mit-barbara-klinka-ghezzo\/#breadcrumb","itemListElement":[{"@type":"ListItem","position":1,"name":"Startseite","item":"https:\/\/martina-gleissenebner-teskey.com\/"},{"@type":"ListItem","position":2,"name":"Die Macht der Frauen: Im Gespr\u00e4ch mit Barbara Klinka-Ghezzo"}]},{"@type":"WebSite","@id":"https:\/\/martina-gleissenebner-teskey.com\/#website","url":"https:\/\/martina-gleissenebner-teskey.com\/","name":"Martina Gleissenebner-Teskey","description":"The Personality Entrepreneur","potentialAction":[{"@type":"SearchAction","target":{"@type":"EntryPoint","urlTemplate":"https:\/\/martina-gleissenebner-teskey.com\/?s={search_term_string}"},"query-input":{"@type":"PropertyValueSpecification","valueRequired":true,"valueName":"search_term_string"}}],"inLanguage":"en-US"},{"@type":"Person","@id":"https:\/\/martina-gleissenebner-teskey.com\/#\/schema\/person\/dd24cbe351cc5479e1a1e033917caf90","name":"Martina","sameAs":["https:\/\/martina-gleissenebner-teskey.com"],"url":"https:\/\/martina-gleissenebner-teskey.com\/en\/author\/admin\/"}]}},"_links":{"self":[{"href":"https:\/\/martina-gleissenebner-teskey.com\/en\/wp-json\/wp\/v2\/posts\/9740","targetHints":{"allow":["GET"]}}],"collection":[{"href":"https:\/\/martina-gleissenebner-teskey.com\/en\/wp-json\/wp\/v2\/posts"}],"about":[{"href":"https:\/\/martina-gleissenebner-teskey.com\/en\/wp-json\/wp\/v2\/types\/post"}],"author":[{"embeddable":true,"href":"https:\/\/martina-gleissenebner-teskey.com\/en\/wp-json\/wp\/v2\/users\/1"}],"replies":[{"embeddable":true,"href":"https:\/\/martina-gleissenebner-teskey.com\/en\/wp-json\/wp\/v2\/comments?post=9740"}],"version-history":[{"count":2,"href":"https:\/\/martina-gleissenebner-teskey.com\/en\/wp-json\/wp\/v2\/posts\/9740\/revisions"}],"predecessor-version":[{"id":9745,"href":"https:\/\/martina-gleissenebner-teskey.com\/en\/wp-json\/wp\/v2\/posts\/9740\/revisions\/9745"}],"wp:featuredmedia":[{"embeddable":true,"href":"https:\/\/martina-gleissenebner-teskey.com\/en\/wp-json\/wp\/v2\/media\/9744"}],"wp:attachment":[{"href":"https:\/\/martina-gleissenebner-teskey.com\/en\/wp-json\/wp\/v2\/media?parent=9740"}],"wp:term":[{"taxonomy":"category","embeddable":true,"href":"https:\/\/martina-gleissenebner-teskey.com\/en\/wp-json\/wp\/v2\/categories?post=9740"},{"taxonomy":"post_tag","embeddable":true,"href":"https:\/\/martina-gleissenebner-teskey.com\/en\/wp-json\/wp\/v2\/tags?post=9740"}],"curies":[{"name":"wp","href":"https:\/\/api.w.org\/{rel}","templated":true}]}}