{"id":9719,"date":"2025-04-23T08:58:02","date_gmt":"2025-04-23T06:58:02","guid":{"rendered":"https:\/\/martina-gleissenebner-teskey.com\/?p=9719"},"modified":"2025-04-23T08:58:02","modified_gmt":"2025-04-23T06:58:02","slug":"walk4future-2025-why-from-amsterdam-to-lodz","status":"publish","type":"post","link":"https:\/\/martina-gleissenebner-teskey.com\/en\/2025\/04\/23\/walk4future-2025-warum-von-amsterdam-nach-lodz\/","title":{"rendered":"walk4future 2025: Why from Amsterdam to Lodz?"},"content":{"rendered":"<div id=\"fws_69f33baf95d16\"  data-column-margin=\"default\" data-midnight=\"dark\"  class=\"wpb_row vc_row-fluid vc_row\"  style=\"padding-top: 0px; padding-bottom: 0px; \"><div class=\"row-bg-wrap\" data-bg-animation=\"none\" data-bg-animation-delay=\"\" data-bg-overlay=\"false\"><div class=\"inner-wrap row-bg-layer\" ><div class=\"row-bg viewport-desktop\"  style=\"\"><\/div><\/div><\/div><div class=\"row_col_wrap_12 col span_12 dark left\">\n\t<div  class=\"vc_col-sm-12 wpb_column column_container vc_column_container col no-extra-padding inherit_tablet inherit_phone\"  data-padding-pos=\"all\" data-has-bg-color=\"false\" data-bg-color=\"\" data-bg-opacity=\"1\" data-animation=\"\" data-delay=\"0\" >\n\t\t<div class=\"vc_column-inner\" >\n\t\t\t<div class=\"wpb_wrapper\">\n\t\t\t\t<div id=\"fws_69f33baf967d1\" data-midnight=\"\" data-column-margin=\"default\" class=\"wpb_row vc_row-fluid vc_row inner_row vc_row-o-equal-height vc_row-flex vc_row-o-content-top\"  style=\"\"><div class=\"row-bg-wrap\"> <div class=\"row-bg\" ><\/div> <\/div><div class=\"row_col_wrap_12_inner col span_12  left\">\n\t<div  class=\"vc_col-sm-6 wpb_column column_container vc_column_container col child_column no-extra-padding inherit_tablet inherit_phone\"   data-padding-pos=\"all\" data-has-bg-color=\"false\" data-bg-color=\"\" data-bg-opacity=\"1\" data-animation=\"\" data-delay=\"0\" >\n\t\t<div class=\"vc_column-inner\" >\n\t\t<div class=\"wpb_wrapper\">\n\t\t\t<div class=\"img-with-aniamtion-wrap center\" data-max-width=\"100%\" data-max-width-mobile=\"default\" data-shadow=\"none\" data-animation=\"none\" >\n      <div class=\"inner\">\n        <div class=\"hover-wrap\"> \n          <div class=\"hover-wrap-inner\">\n            <a href=\"https:\/\/www.innovationforum.co.uk\/conferences\/sustainable-apparel-and-textiles-conference\" target=\"_blank\" class=\"center\">\n              <img loading=\"lazy\" decoding=\"async\" class=\"img-with-animation skip-lazy\" data-delay=\"0\" height=\"628\" width=\"1200\" data-animation=\"none\" src=\"https:\/\/martina-gleissenebner-teskey.com\/wp-content\/uploads\/2025\/02\/Apparel-EU-28.jpg\" alt=\"\" srcset=\"https:\/\/martina-gleissenebner-teskey.com\/wp-content\/uploads\/2025\/02\/Apparel-EU-28.jpg 1200w, https:\/\/martina-gleissenebner-teskey.com\/wp-content\/uploads\/2025\/02\/Apparel-EU-28-300x157.jpg 300w, https:\/\/martina-gleissenebner-teskey.com\/wp-content\/uploads\/2025\/02\/Apparel-EU-28-768x402.jpg 768w, https:\/\/martina-gleissenebner-teskey.com\/wp-content\/uploads\/2025\/02\/Apparel-EU-28-18x9.jpg 18w\" sizes=\"auto, (max-width: 1200px) 100vw, 1200px\" \/>\n            <\/a>\n          <\/div>\n        <\/div>\n      <\/div>\n      <\/div>\n\t\t<\/div> \n\t<\/div>\n\t<\/div> \n\n\t<div  class=\"vc_col-sm-6 wpb_column column_container vc_column_container col child_column no-extra-padding inherit_tablet inherit_phone\"   data-padding-pos=\"all\" data-has-bg-color=\"false\" data-bg-color=\"\" data-bg-opacity=\"1\" data-animation=\"\" data-delay=\"0\" >\n\t\t<div class=\"vc_column-inner\" >\n\t\t<div class=\"wpb_wrapper\">\n\t\t\t<div class=\"img-with-aniamtion-wrap center\" data-max-width=\"100%\" data-max-width-mobile=\"default\" data-shadow=\"none\" data-animation=\"none\" >\n      <div class=\"inner\">\n        <div class=\"hover-wrap\"> \n          <div class=\"hover-wrap-inner\">\n            <a href=\"https:\/\/urban-future.org\/event\/uf25-lodz\/\" target=\"_blank\" class=\"center\">\n              <img loading=\"lazy\" decoding=\"async\" class=\"img-with-animation skip-lazy\" data-delay=\"0\" height=\"611\" width=\"1263\" data-animation=\"none\" src=\"https:\/\/martina-gleissenebner-teskey.com\/wp-content\/uploads\/2025\/04\/Urban-Future.png\" alt=\"\" srcset=\"https:\/\/martina-gleissenebner-teskey.com\/wp-content\/uploads\/2025\/04\/Urban-Future.png 1263w, https:\/\/martina-gleissenebner-teskey.com\/wp-content\/uploads\/2025\/04\/Urban-Future-300x145.png 300w, https:\/\/martina-gleissenebner-teskey.com\/wp-content\/uploads\/2025\/04\/Urban-Future-768x372.png 768w, https:\/\/martina-gleissenebner-teskey.com\/wp-content\/uploads\/2025\/04\/Urban-Future-18x9.png 18w\" sizes=\"auto, (max-width: 1263px) 100vw, 1263px\" \/>\n            <\/a>\n          <\/div>\n        <\/div>\n      <\/div>\n      <\/div>\n\t\t<\/div> \n\t<\/div>\n\t<\/div> \n<\/div><\/div><div class=\"divider-wrap\" data-alignment=\"default\"><div style=\"height: 25px;\" class=\"divider\"><\/div><\/div>\n<div class=\"wpb_text_column wpb_content_element\" >\n\t<div class=\"wpb_wrapper\">\n\t\t<div>\n<p dir=\"auto\"><strong>Many people have asked me how the route of this year's walk4future came about.<\/strong><\/p>\n<ul>\n<li dir=\"auto\">Didn't I want to go around the world once?<\/li>\n<li dir=\"auto\">Didn't I want to cross the pond to the USA?<\/li>\n<\/ul>\n<\/div>\n<div>\n<p dir=\"auto\"><strong>As always and everywhere, I asked myself the question of meaning.<\/strong><\/p>\n<div dir=\"auto\">You can read the thoughts on this at <a tabindex=\"0\" role=\"link\" href=\"https:\/\/walk4future.com\/blog\/\" target=\"_blank\" rel=\"nofollow noopener noreferrer\">https:\/\/walk4future.com\/blog\/<\/a> read more.<\/div>\n<p dir=\"auto\"><strong>What ultimately tipped the scales were two cornerstones and a big anchor in between: my community,<\/strong> which is simply greater in Germany (besides Austria) than anywhere else in the world. And that's why I hope for beautiful, invigorating and inspiring encounters from time to time.<\/p>\n<\/div>\n<div>\n<div dir=\"auto\"><\/div>\n<div dir=\"auto\">The two corner points between which the walk is suspended are as follows:<\/div>\n<\/div>\n<div>\n<div dir=\"auto\"><\/div>\n<p dir=\"auto\"><strong><a href=\"https:\/\/martina-gleissenebner-teskey.com\/en\/events\/sustainable-clothing-and-textile-conference\/\" target=\"_blank\" rel=\"noopener\">1. the Sustainable Apparel and Textiles Conference, from 29.4. - 30.4. in Amsterdam<\/a><\/strong><\/p>\n<div dir=\"auto\">I am convinced that the sustainable future of fashion lies in the development of new materials (as one of 3 B-pillars: 1. better production, 2. more conscious consumption, 3. biodegradable materials). That's why this conference is a must for me.<\/div>\n<\/div>\n<div>\n<p dir=\"auto\"><strong><a href=\"https:\/\/martina-gleissenebner-teskey.com\/en\/events\/urban-future-conference\/\" target=\"_blank\" rel=\"noopener\">2. the Urban Future Conference from May 21-23 in Lodz<\/a><\/strong><\/p>\n<div dir=\"auto\">Because by then I had wandered through some of the most important cities in the fashion and finance industry and had a few ideas on the subject of<em><strong> \"walkable cities = sustainable cities\"<\/strong><\/em> have to contribute.<\/div>\n<\/div>\n<div>\n<div dir=\"auto\"><\/div>\n<div dir=\"auto\">If you want to follow my walk and maybe even take part in the walk&amp;save challenge, you can get all the information here: <a href=\"https:\/\/walk4future.com\/\" target=\"_blank\" rel=\"noopener\">https:\/\/walk4future.com\/<\/a><\/div>\n<\/div>\n\t<\/div>\n<\/div>\n\n\n\n<div class=\"divider-wrap\" data-alignment=\"default\"><div style=\"height: 25px;\" class=\"divider\"><\/div><\/div>\n\t\t\t<\/div> \n\t\t<\/div>\n\t<\/div> \n<\/div><\/div>","protected":false},"excerpt":{"rendered":"Viele haben mich gefragt, wie die Route des diesj\u00e4hrigen walk4future zustande gekommen ist. Wollte ich nicht 1x um die Welt? Wollte ich nicht \u00fcber den gro\u00dfen Teich in die USA?...","protected":false},"author":1,"featured_media":9713,"comment_status":"open","ping_status":"open","sticky":false,"template":"","format":"standard","meta":{"footnotes":""},"categories":[30,19],"tags":[38,62,36],"class_list":{"0":"post-9719","1":"post","2":"type-post","3":"status-publish","4":"format-standard","5":"has-post-thumbnail","7":"category-internationale-events","8":"category-vortrag","9":"tag-nachhaltigkeit","10":"tag-speaking","11":"tag-walk4future"},"yoast_head":"<!-- This site is optimized with the Yoast SEO Premium plugin v26.7 (Yoast SEO v27.5) - https:\/\/yoast.com\/product\/yoast-seo-premium-wordpress\/ -->\n<title>walk4future 2025: Warum von Amsterdam nach Lodz? - Martina Gleissenebner-Teskey<\/title>\n<meta name=\"description\" content=\"Warum geht der walk4future 2025 ausgerechnet von Amsterdam nach Lodz? Weil es daf\u00fcr zwei starke Eckpunkte gibt\" \/>\n<meta name=\"robots\" content=\"index, follow, max-snippet:-1, max-image-preview:large, max-video-preview:-1\" \/>\n<link rel=\"canonical\" href=\"https:\/\/martina-gleissenebner-teskey.com\/en\/2025\/04\/23\/walk4future-2025-why-from-amsterdam-to-lodz\/\" \/>\n<meta property=\"og:locale\" content=\"en_US\" \/>\n<meta property=\"og:type\" content=\"article\" \/>\n<meta property=\"og:title\" content=\"walk4future 2025: Warum von Amsterdam nach Lodz?\" \/>\n<meta property=\"og:description\" content=\"Warum geht der walk4future 2025 ausgerechnet von Amsterdam nach Lodz? Weil es daf\u00fcr zwei starke Eckpunkte gibt\" \/>\n<meta property=\"og:url\" content=\"https:\/\/martina-gleissenebner-teskey.com\/en\/2025\/04\/23\/walk4future-2025-why-from-amsterdam-to-lodz\/\" \/>\n<meta property=\"og:site_name\" content=\"Martina Gleissenebner-Teskey\" \/>\n<meta property=\"article:publisher\" content=\"https:\/\/www.facebook.com\/martina.gleissenebnerteskey.training\/\" \/>\n<meta property=\"article:published_time\" content=\"2025-04-23T06:58:02+00:00\" \/>\n<meta property=\"og:image\" content=\"https:\/\/martina-gleissenebner-teskey.com\/wp-content\/uploads\/2025\/02\/Apparel-EU-28.jpg\" \/>\n\t<meta property=\"og:image:width\" content=\"1200\" \/>\n\t<meta property=\"og:image:height\" content=\"628\" \/>\n\t<meta property=\"og:image:type\" content=\"image\/jpeg\" \/>\n<meta name=\"author\" content=\"Martina\" \/>\n<meta name=\"twitter:card\" content=\"summary_large_image\" \/>\n<meta name=\"twitter:label1\" content=\"Written by\" \/>\n\t<meta name=\"twitter:data1\" content=\"Martina\" \/>\n\t<meta name=\"twitter:label2\" content=\"Est. reading time\" \/>\n\t<meta name=\"twitter:data2\" content=\"3 minutes\" \/>\n<script type=\"application\/ld+json\" class=\"yoast-schema-graph\">{\"@context\":\"https:\\\/\\\/schema.org\",\"@graph\":[{\"@type\":\"Article\",\"@id\":\"https:\\\/\\\/martina-gleissenebner-teskey.com\\\/2025\\\/04\\\/23\\\/walk4future-2025-warum-von-amsterdam-nach-lodz\\\/#article\",\"isPartOf\":{\"@id\":\"https:\\\/\\\/martina-gleissenebner-teskey.com\\\/2025\\\/04\\\/23\\\/walk4future-2025-warum-von-amsterdam-nach-lodz\\\/\"},\"author\":{\"name\":\"Martina\",\"@id\":\"https:\\\/\\\/martina-gleissenebner-teskey.com\\\/#\\\/schema\\\/person\\\/dd24cbe351cc5479e1a1e033917caf90\"},\"headline\":\"walk4future 2025: Warum von Amsterdam nach Lodz?\",\"datePublished\":\"2025-04-23T06:58:02+00:00\",\"mainEntityOfPage\":{\"@id\":\"https:\\\/\\\/martina-gleissenebner-teskey.com\\\/2025\\\/04\\\/23\\\/walk4future-2025-warum-von-amsterdam-nach-lodz\\\/\"},\"wordCount\":739,\"commentCount\":0,\"image\":{\"@id\":\"https:\\\/\\\/martina-gleissenebner-teskey.com\\\/2025\\\/04\\\/23\\\/walk4future-2025-warum-von-amsterdam-nach-lodz\\\/#primaryimage\"},\"thumbnailUrl\":\"https:\\\/\\\/martina-gleissenebner-teskey.com\\\/wp-content\\\/uploads\\\/2025\\\/02\\\/Apparel-EU-28.jpg\",\"keywords\":[\"Nachhaltigkeit\",\"Speaking\",\"walk4future\"],\"articleSection\":[\"Internationale Events\",\"Vortrag\"],\"inLanguage\":\"en-US\",\"potentialAction\":[{\"@type\":\"CommentAction\",\"name\":\"Comment\",\"target\":[\"https:\\\/\\\/martina-gleissenebner-teskey.com\\\/2025\\\/04\\\/23\\\/walk4future-2025-warum-von-amsterdam-nach-lodz\\\/#respond\"]}]},{\"@type\":\"WebPage\",\"@id\":\"https:\\\/\\\/martina-gleissenebner-teskey.com\\\/2025\\\/04\\\/23\\\/walk4future-2025-warum-von-amsterdam-nach-lodz\\\/\",\"url\":\"https:\\\/\\\/martina-gleissenebner-teskey.com\\\/2025\\\/04\\\/23\\\/walk4future-2025-warum-von-amsterdam-nach-lodz\\\/\",\"name\":\"walk4future 2025: Warum von Amsterdam nach Lodz? - Martina Gleissenebner-Teskey\",\"isPartOf\":{\"@id\":\"https:\\\/\\\/martina-gleissenebner-teskey.com\\\/#website\"},\"primaryImageOfPage\":{\"@id\":\"https:\\\/\\\/martina-gleissenebner-teskey.com\\\/2025\\\/04\\\/23\\\/walk4future-2025-warum-von-amsterdam-nach-lodz\\\/#primaryimage\"},\"image\":{\"@id\":\"https:\\\/\\\/martina-gleissenebner-teskey.com\\\/2025\\\/04\\\/23\\\/walk4future-2025-warum-von-amsterdam-nach-lodz\\\/#primaryimage\"},\"thumbnailUrl\":\"https:\\\/\\\/martina-gleissenebner-teskey.com\\\/wp-content\\\/uploads\\\/2025\\\/02\\\/Apparel-EU-28.jpg\",\"datePublished\":\"2025-04-23T06:58:02+00:00\",\"author\":{\"@id\":\"https:\\\/\\\/martina-gleissenebner-teskey.com\\\/#\\\/schema\\\/person\\\/dd24cbe351cc5479e1a1e033917caf90\"},\"description\":\"Warum geht der walk4future 2025 ausgerechnet von Amsterdam nach Lodz? Weil es daf\u00fcr zwei starke Eckpunkte gibt\",\"breadcrumb\":{\"@id\":\"https:\\\/\\\/martina-gleissenebner-teskey.com\\\/2025\\\/04\\\/23\\\/walk4future-2025-warum-von-amsterdam-nach-lodz\\\/#breadcrumb\"},\"inLanguage\":\"en-US\",\"potentialAction\":[{\"@type\":\"ReadAction\",\"target\":[\"https:\\\/\\\/martina-gleissenebner-teskey.com\\\/2025\\\/04\\\/23\\\/walk4future-2025-warum-von-amsterdam-nach-lodz\\\/\"]}]},{\"@type\":\"ImageObject\",\"inLanguage\":\"en-US\",\"@id\":\"https:\\\/\\\/martina-gleissenebner-teskey.com\\\/2025\\\/04\\\/23\\\/walk4future-2025-warum-von-amsterdam-nach-lodz\\\/#primaryimage\",\"url\":\"https:\\\/\\\/martina-gleissenebner-teskey.com\\\/wp-content\\\/uploads\\\/2025\\\/02\\\/Apparel-EU-28.jpg\",\"contentUrl\":\"https:\\\/\\\/martina-gleissenebner-teskey.com\\\/wp-content\\\/uploads\\\/2025\\\/02\\\/Apparel-EU-28.jpg\",\"width\":1200,\"height\":628},{\"@type\":\"BreadcrumbList\",\"@id\":\"https:\\\/\\\/martina-gleissenebner-teskey.com\\\/2025\\\/04\\\/23\\\/walk4future-2025-warum-von-amsterdam-nach-lodz\\\/#breadcrumb\",\"itemListElement\":[{\"@type\":\"ListItem\",\"position\":1,\"name\":\"Startseite\",\"item\":\"https:\\\/\\\/martina-gleissenebner-teskey.com\\\/\"},{\"@type\":\"ListItem\",\"position\":2,\"name\":\"walk4future 2025: Warum von Amsterdam nach Lodz?\"}]},{\"@type\":\"WebSite\",\"@id\":\"https:\\\/\\\/martina-gleissenebner-teskey.com\\\/#website\",\"url\":\"https:\\\/\\\/martina-gleissenebner-teskey.com\\\/\",\"name\":\"Martina Gleissenebner-Teskey\",\"description\":\"The Personality Entrepreneur\",\"potentialAction\":[{\"@type\":\"SearchAction\",\"target\":{\"@type\":\"EntryPoint\",\"urlTemplate\":\"https:\\\/\\\/martina-gleissenebner-teskey.com\\\/?s={search_term_string}\"},\"query-input\":{\"@type\":\"PropertyValueSpecification\",\"valueRequired\":true,\"valueName\":\"search_term_string\"}}],\"inLanguage\":\"en-US\"},{\"@type\":\"Person\",\"@id\":\"https:\\\/\\\/martina-gleissenebner-teskey.com\\\/#\\\/schema\\\/person\\\/dd24cbe351cc5479e1a1e033917caf90\",\"name\":\"Martina\",\"sameAs\":[\"https:\\\/\\\/martina-gleissenebner-teskey.com\"],\"url\":\"https:\\\/\\\/martina-gleissenebner-teskey.com\\\/en\\\/author\\\/admin\\\/\"}]}<\/script>\n<!-- \/ Yoast SEO Premium plugin. -->","yoast_head_json":{"title":"walk4future 2025: Why from Amsterdam to Lodz? - Martina Gleissenebner-Teskey","description":"Why is the walk4future 2025 going from Amsterdam to Lodz of all places? Because there are two strong cornerstones","robots":{"index":"index","follow":"follow","max-snippet":"max-snippet:-1","max-image-preview":"max-image-preview:large","max-video-preview":"max-video-preview:-1"},"canonical":"https:\/\/martina-gleissenebner-teskey.com\/en\/2025\/04\/23\/walk4future-2025-why-from-amsterdam-to-lodz\/","og_locale":"en_US","og_type":"article","og_title":"walk4future 2025: Warum von Amsterdam nach Lodz?","og_description":"Warum geht der walk4future 2025 ausgerechnet von Amsterdam nach Lodz? Weil es daf\u00fcr zwei starke Eckpunkte gibt","og_url":"https:\/\/martina-gleissenebner-teskey.com\/en\/2025\/04\/23\/walk4future-2025-why-from-amsterdam-to-lodz\/","og_site_name":"Martina Gleissenebner-Teskey","article_publisher":"https:\/\/www.facebook.com\/martina.gleissenebnerteskey.training\/","article_published_time":"2025-04-23T06:58:02+00:00","og_image":[{"width":1200,"height":628,"url":"https:\/\/martina-gleissenebner-teskey.com\/wp-content\/uploads\/2025\/02\/Apparel-EU-28.jpg","type":"image\/jpeg"}],"author":"Martina","twitter_card":"summary_large_image","twitter_misc":{"Written by":"Martina","Est. reading time":"3 minutes"},"schema":{"@context":"https:\/\/schema.org","@graph":[{"@type":"Article","@id":"https:\/\/martina-gleissenebner-teskey.com\/2025\/04\/23\/walk4future-2025-warum-von-amsterdam-nach-lodz\/#article","isPartOf":{"@id":"https:\/\/martina-gleissenebner-teskey.com\/2025\/04\/23\/walk4future-2025-warum-von-amsterdam-nach-lodz\/"},"author":{"name":"Martina","@id":"https:\/\/martina-gleissenebner-teskey.com\/#\/schema\/person\/dd24cbe351cc5479e1a1e033917caf90"},"headline":"walk4future 2025: Warum von Amsterdam nach Lodz?","datePublished":"2025-04-23T06:58:02+00:00","mainEntityOfPage":{"@id":"https:\/\/martina-gleissenebner-teskey.com\/2025\/04\/23\/walk4future-2025-warum-von-amsterdam-nach-lodz\/"},"wordCount":739,"commentCount":0,"image":{"@id":"https:\/\/martina-gleissenebner-teskey.com\/2025\/04\/23\/walk4future-2025-warum-von-amsterdam-nach-lodz\/#primaryimage"},"thumbnailUrl":"https:\/\/martina-gleissenebner-teskey.com\/wp-content\/uploads\/2025\/02\/Apparel-EU-28.jpg","keywords":["Nachhaltigkeit","Speaking","walk4future"],"articleSection":["Internationale Events","Vortrag"],"inLanguage":"en-US","potentialAction":[{"@type":"CommentAction","name":"Comment","target":["https:\/\/martina-gleissenebner-teskey.com\/2025\/04\/23\/walk4future-2025-warum-von-amsterdam-nach-lodz\/#respond"]}]},{"@type":"WebPage","@id":"https:\/\/martina-gleissenebner-teskey.com\/2025\/04\/23\/walk4future-2025-warum-von-amsterdam-nach-lodz\/","url":"https:\/\/martina-gleissenebner-teskey.com\/2025\/04\/23\/walk4future-2025-warum-von-amsterdam-nach-lodz\/","name":"walk4future 2025: Why from Amsterdam to Lodz? - Martina Gleissenebner-Teskey","isPartOf":{"@id":"https:\/\/martina-gleissenebner-teskey.com\/#website"},"primaryImageOfPage":{"@id":"https:\/\/martina-gleissenebner-teskey.com\/2025\/04\/23\/walk4future-2025-warum-von-amsterdam-nach-lodz\/#primaryimage"},"image":{"@id":"https:\/\/martina-gleissenebner-teskey.com\/2025\/04\/23\/walk4future-2025-warum-von-amsterdam-nach-lodz\/#primaryimage"},"thumbnailUrl":"https:\/\/martina-gleissenebner-teskey.com\/wp-content\/uploads\/2025\/02\/Apparel-EU-28.jpg","datePublished":"2025-04-23T06:58:02+00:00","author":{"@id":"https:\/\/martina-gleissenebner-teskey.com\/#\/schema\/person\/dd24cbe351cc5479e1a1e033917caf90"},"description":"Why is the walk4future 2025 going from Amsterdam to Lodz of all places? Because there are two strong cornerstones","breadcrumb":{"@id":"https:\/\/martina-gleissenebner-teskey.com\/2025\/04\/23\/walk4future-2025-warum-von-amsterdam-nach-lodz\/#breadcrumb"},"inLanguage":"en-US","potentialAction":[{"@type":"ReadAction","target":["https:\/\/martina-gleissenebner-teskey.com\/2025\/04\/23\/walk4future-2025-warum-von-amsterdam-nach-lodz\/"]}]},{"@type":"ImageObject","inLanguage":"en-US","@id":"https:\/\/martina-gleissenebner-teskey.com\/2025\/04\/23\/walk4future-2025-warum-von-amsterdam-nach-lodz\/#primaryimage","url":"https:\/\/martina-gleissenebner-teskey.com\/wp-content\/uploads\/2025\/02\/Apparel-EU-28.jpg","contentUrl":"https:\/\/martina-gleissenebner-teskey.com\/wp-content\/uploads\/2025\/02\/Apparel-EU-28.jpg","width":1200,"height":628},{"@type":"BreadcrumbList","@id":"https:\/\/martina-gleissenebner-teskey.com\/2025\/04\/23\/walk4future-2025-warum-von-amsterdam-nach-lodz\/#breadcrumb","itemListElement":[{"@type":"ListItem","position":1,"name":"Startseite","item":"https:\/\/martina-gleissenebner-teskey.com\/"},{"@type":"ListItem","position":2,"name":"walk4future 2025: Warum von Amsterdam nach Lodz?"}]},{"@type":"WebSite","@id":"https:\/\/martina-gleissenebner-teskey.com\/#website","url":"https:\/\/martina-gleissenebner-teskey.com\/","name":"Martina Gleissenebner-Teskey","description":"The Personality Entrepreneur","potentialAction":[{"@type":"SearchAction","target":{"@type":"EntryPoint","urlTemplate":"https:\/\/martina-gleissenebner-teskey.com\/?s={search_term_string}"},"query-input":{"@type":"PropertyValueSpecification","valueRequired":true,"valueName":"search_term_string"}}],"inLanguage":"en-US"},{"@type":"Person","@id":"https:\/\/martina-gleissenebner-teskey.com\/#\/schema\/person\/dd24cbe351cc5479e1a1e033917caf90","name":"Martina","sameAs":["https:\/\/martina-gleissenebner-teskey.com"],"url":"https:\/\/martina-gleissenebner-teskey.com\/en\/author\/admin\/"}]}},"_links":{"self":[{"href":"https:\/\/martina-gleissenebner-teskey.com\/en\/wp-json\/wp\/v2\/posts\/9719","targetHints":{"allow":["GET"]}}],"collection":[{"href":"https:\/\/martina-gleissenebner-teskey.com\/en\/wp-json\/wp\/v2\/posts"}],"about":[{"href":"https:\/\/martina-gleissenebner-teskey.com\/en\/wp-json\/wp\/v2\/types\/post"}],"author":[{"embeddable":true,"href":"https:\/\/martina-gleissenebner-teskey.com\/en\/wp-json\/wp\/v2\/users\/1"}],"replies":[{"embeddable":true,"href":"https:\/\/martina-gleissenebner-teskey.com\/en\/wp-json\/wp\/v2\/comments?post=9719"}],"version-history":[{"count":2,"href":"https:\/\/martina-gleissenebner-teskey.com\/en\/wp-json\/wp\/v2\/posts\/9719\/revisions"}],"predecessor-version":[{"id":9722,"href":"https:\/\/martina-gleissenebner-teskey.com\/en\/wp-json\/wp\/v2\/posts\/9719\/revisions\/9722"}],"wp:featuredmedia":[{"embeddable":true,"href":"https:\/\/martina-gleissenebner-teskey.com\/en\/wp-json\/wp\/v2\/media\/9713"}],"wp:attachment":[{"href":"https:\/\/martina-gleissenebner-teskey.com\/en\/wp-json\/wp\/v2\/media?parent=9719"}],"wp:term":[{"taxonomy":"category","embeddable":true,"href":"https:\/\/martina-gleissenebner-teskey.com\/en\/wp-json\/wp\/v2\/categories?post=9719"},{"taxonomy":"post_tag","embeddable":true,"href":"https:\/\/martina-gleissenebner-teskey.com\/en\/wp-json\/wp\/v2\/tags?post=9719"}],"curies":[{"name":"wp","href":"https:\/\/api.w.org\/{rel}","templated":true}]}}