{"id":9714,"date":"2025-04-18T19:55:34","date_gmt":"2025-04-18T17:55:34","guid":{"rendered":"https:\/\/martina-gleissenebner-teskey.com\/?p=9714"},"modified":"2025-04-18T19:56:44","modified_gmt":"2025-04-18T17:56:44","slug":"orf-suedtirol-interview","status":"publish","type":"post","link":"https:\/\/martina-gleissenebner-teskey.com\/en\/2025\/04\/18\/orf-suedtirol-interview\/","title":{"rendered":"ORF South Tyrol Interview"},"content":{"rendered":"<div id=\"fws_69f3a9fe3d7e5\"  data-column-margin=\"default\" data-midnight=\"dark\"  class=\"wpb_row vc_row-fluid vc_row\"  style=\"padding-top: 0px; padding-bottom: 0px; \"><div class=\"row-bg-wrap\" data-bg-animation=\"none\" data-bg-animation-delay=\"\" data-bg-overlay=\"false\"><div class=\"inner-wrap row-bg-layer\" ><div class=\"row-bg viewport-desktop\"  style=\"\"><\/div><\/div><\/div><div class=\"row_col_wrap_12 col span_12 dark left\">\n\t<div  class=\"vc_col-sm-12 wpb_column column_container vc_column_container col no-extra-padding inherit_tablet inherit_phone\"  data-padding-pos=\"all\" data-has-bg-color=\"false\" data-bg-color=\"\" data-bg-opacity=\"1\" data-animation=\"\" data-delay=\"0\" >\n\t\t<div class=\"vc_column-inner\" >\n\t\t\t<div class=\"wpb_wrapper\">\n\t\t\t\t<div class=\"nectar-video-box\" data-color=\"default-accent-color\"  data-play-button-size=\"default\" data-border-radius=\"none\" data-hover=\"defaut\" data-shadow=\"none\"><div class=\"inner-wrap\"><a href=\"https:\/\/www.youtube.com\/watch?v=P2kcWDP-yQk\" class=\"full-link pp\"><\/a><img loading=\"lazy\" decoding=\"async\" width=\"1280\" height=\"690\" src=\"https:\/\/martina-gleissenebner-teskey.com\/wp-content\/uploads\/2025\/04\/IMG_1128.jpeg\" class=\"attachment-full size-full\" alt=\"Martina Gleissenebner-Teskey in the ORF Suedtirol report\" srcset=\"https:\/\/martina-gleissenebner-teskey.com\/wp-content\/uploads\/2025\/04\/IMG_1128.jpeg 1280w, https:\/\/martina-gleissenebner-teskey.com\/wp-content\/uploads\/2025\/04\/IMG_1128-300x162.jpeg 300w, https:\/\/martina-gleissenebner-teskey.com\/wp-content\/uploads\/2025\/04\/IMG_1128-768x414.jpeg 768w, https:\/\/martina-gleissenebner-teskey.com\/wp-content\/uploads\/2025\/04\/IMG_1128-18x10.jpeg 18w\" sizes=\"auto, (max-width: 1280px) 100vw, 1280px\" \/><a href=\"https:\/\/www.youtube.com\/watch?v=P2kcWDP-yQk\"  data-style=\"default\" data-parent-hover=\"\" data-font-style=\"p\" data-color=\"default\" class=\"play_button_2 large nectar_video_lightbox pp\"><span><span class=\"screen-reader-text\">Play Video<\/span><span class=\"play\"><span class=\"inner-wrap inner\"><svg version=\"1.1\"\n\t xmlns=\"http:\/\/www.w3.org\/2000\/svg\" xmlns:xlink=\"http:\/\/www.w3.org\/1999\/xlink\" width=\"600px\" height=\"800px\" x=\"0px\" y=\"0px\" viewbox=\"0 0 600 800\" enable-background=\"new 0 0 600 800\" xml:space=\"preserve\"><path fill=\"none\" d=\"M0-1.79v800L600,395L0-1.79z\"><\/path> <\/svg><\/span><\/span><\/span><\/a><\/div><\/div><div class=\"divider-wrap\" data-alignment=\"default\"><div style=\"height: 25px;\" class=\"divider\"><\/div><\/div>\n<div class=\"wpb_text_column wpb_content_element\" >\n\t<div class=\"wpb_wrapper\">\n\t\t<p>Thank you for this great contribution by Nadja Walluschnig for ORF S\u00fcdtirol during my participation in the Fashion For Future Festival in Bolzano. It's about Heidi Klum and why I think her work is important, what solutions I see for the fashion industry and what I need to feel glamorous.<\/p>\n\t<\/div>\n<\/div>\n\n\n\n<div class=\"divider-wrap\" data-alignment=\"default\"><div style=\"height: 25px;\" class=\"divider\"><\/div><\/div>\n\t\t\t<\/div> \n\t\t<\/div>\n\t<\/div> \n<\/div><\/div>","protected":false},"excerpt":{"rendered":"Play Video Danke f\u00fcr diesen tollen Beitrag von Nadja Walluschnig f\u00fcr den ORF S\u00fcdtirol w\u00e4hrend meiner Teilnahme am Fashion For Future Festival in Bozen. Es geht um Heidi Klum und...","protected":false},"author":1,"featured_media":9715,"comment_status":"open","ping_status":"open","sticky":false,"template":"","format":"standard","meta":{"footnotes":""},"categories":[35],"tags":[61,59,60],"class_list":{"0":"post-9714","1":"post","2":"type-post","3":"status-publish","4":"format-standard","5":"has-post-thumbnail","7":"category-interviews","8":"tag-best-age-modeling","9":"tag-heidi-klum","10":"tag-schoenheitsideale"},"yoast_head":"<!-- This site is optimized with the Yoast SEO Premium plugin v26.7 (Yoast SEO v27.5) - https:\/\/yoast.com\/product\/yoast-seo-premium-wordpress\/ -->\n<title>ORF S\u00fcdtirol Interview - Martina Gleissenebner-Teskey<\/title>\n<meta name=\"description\" content=\"Danke f\u00fcr diesen tollen Beitrag von Nadja Walluschnig f\u00fcr den ORF S\u00fcdtirol w\u00e4hrend meiner Teilnahme am Fashion For Future Festival in Bozen.\" \/>\n<meta name=\"robots\" content=\"index, follow, max-snippet:-1, max-image-preview:large, max-video-preview:-1\" \/>\n<link rel=\"canonical\" href=\"https:\/\/martina-gleissenebner-teskey.com\/en\/2025\/04\/18\/orf-suedtirol-interview\/\" \/>\n<meta property=\"og:locale\" content=\"en_US\" \/>\n<meta property=\"og:type\" content=\"article\" \/>\n<meta property=\"og:title\" content=\"ORF S\u00fcdtirol Interview\" \/>\n<meta property=\"og:description\" content=\"Danke f\u00fcr diesen tollen Beitrag von Nadja Walluschnig f\u00fcr den ORF S\u00fcdtirol w\u00e4hrend meiner Teilnahme am Fashion For Future Festival in Bozen.\" \/>\n<meta property=\"og:url\" content=\"https:\/\/martina-gleissenebner-teskey.com\/en\/2025\/04\/18\/orf-suedtirol-interview\/\" \/>\n<meta property=\"og:site_name\" content=\"Martina Gleissenebner-Teskey\" \/>\n<meta property=\"article:publisher\" content=\"https:\/\/www.facebook.com\/martina.gleissenebnerteskey.training\/\" \/>\n<meta property=\"article:published_time\" content=\"2025-04-18T17:55:34+00:00\" \/>\n<meta property=\"article:modified_time\" content=\"2025-04-18T17:56:44+00:00\" \/>\n<meta property=\"og:image\" content=\"https:\/\/martina-gleissenebner-teskey.com\/wp-content\/uploads\/2025\/04\/IMG_1128.jpeg\" \/>\n\t<meta property=\"og:image:width\" content=\"1280\" \/>\n\t<meta property=\"og:image:height\" content=\"690\" \/>\n\t<meta property=\"og:image:type\" content=\"image\/jpeg\" \/>\n<meta name=\"author\" content=\"Martina\" \/>\n<meta name=\"twitter:card\" content=\"summary_large_image\" \/>\n<meta name=\"twitter:label1\" content=\"Written by\" \/>\n\t<meta name=\"twitter:data1\" content=\"Martina\" \/>\n\t<meta name=\"twitter:label2\" content=\"Est. reading time\" \/>\n\t<meta name=\"twitter:data2\" content=\"1 minute\" \/>\n<script type=\"application\/ld+json\" class=\"yoast-schema-graph\">{\"@context\":\"https:\\\/\\\/schema.org\",\"@graph\":[{\"@type\":\"Article\",\"@id\":\"https:\\\/\\\/martina-gleissenebner-teskey.com\\\/2025\\\/04\\\/18\\\/orf-suedtirol-interview\\\/#article\",\"isPartOf\":{\"@id\":\"https:\\\/\\\/martina-gleissenebner-teskey.com\\\/2025\\\/04\\\/18\\\/orf-suedtirol-interview\\\/\"},\"author\":{\"name\":\"Martina\",\"@id\":\"https:\\\/\\\/martina-gleissenebner-teskey.com\\\/#\\\/schema\\\/person\\\/dd24cbe351cc5479e1a1e033917caf90\"},\"headline\":\"ORF S\u00fcdtirol Interview\",\"datePublished\":\"2025-04-18T17:55:34+00:00\",\"dateModified\":\"2025-04-18T17:56:44+00:00\",\"mainEntityOfPage\":{\"@id\":\"https:\\\/\\\/martina-gleissenebner-teskey.com\\\/2025\\\/04\\\/18\\\/orf-suedtirol-interview\\\/\"},\"wordCount\":269,\"commentCount\":0,\"image\":{\"@id\":\"https:\\\/\\\/martina-gleissenebner-teskey.com\\\/2025\\\/04\\\/18\\\/orf-suedtirol-interview\\\/#primaryimage\"},\"thumbnailUrl\":\"https:\\\/\\\/martina-gleissenebner-teskey.com\\\/wp-content\\\/uploads\\\/2025\\\/04\\\/IMG_1128.jpeg\",\"keywords\":[\"Best Age Modeling\",\"Heidi Klum\",\"Sch\u00f6nheitsideale\"],\"articleSection\":[\"Interviews\"],\"inLanguage\":\"en-US\",\"potentialAction\":[{\"@type\":\"CommentAction\",\"name\":\"Comment\",\"target\":[\"https:\\\/\\\/martina-gleissenebner-teskey.com\\\/2025\\\/04\\\/18\\\/orf-suedtirol-interview\\\/#respond\"]}]},{\"@type\":\"WebPage\",\"@id\":\"https:\\\/\\\/martina-gleissenebner-teskey.com\\\/2025\\\/04\\\/18\\\/orf-suedtirol-interview\\\/\",\"url\":\"https:\\\/\\\/martina-gleissenebner-teskey.com\\\/2025\\\/04\\\/18\\\/orf-suedtirol-interview\\\/\",\"name\":\"ORF S\u00fcdtirol Interview - Martina Gleissenebner-Teskey\",\"isPartOf\":{\"@id\":\"https:\\\/\\\/martina-gleissenebner-teskey.com\\\/#website\"},\"primaryImageOfPage\":{\"@id\":\"https:\\\/\\\/martina-gleissenebner-teskey.com\\\/2025\\\/04\\\/18\\\/orf-suedtirol-interview\\\/#primaryimage\"},\"image\":{\"@id\":\"https:\\\/\\\/martina-gleissenebner-teskey.com\\\/2025\\\/04\\\/18\\\/orf-suedtirol-interview\\\/#primaryimage\"},\"thumbnailUrl\":\"https:\\\/\\\/martina-gleissenebner-teskey.com\\\/wp-content\\\/uploads\\\/2025\\\/04\\\/IMG_1128.jpeg\",\"datePublished\":\"2025-04-18T17:55:34+00:00\",\"dateModified\":\"2025-04-18T17:56:44+00:00\",\"author\":{\"@id\":\"https:\\\/\\\/martina-gleissenebner-teskey.com\\\/#\\\/schema\\\/person\\\/dd24cbe351cc5479e1a1e033917caf90\"},\"description\":\"Danke f\u00fcr diesen tollen Beitrag von Nadja Walluschnig f\u00fcr den ORF S\u00fcdtirol w\u00e4hrend meiner Teilnahme am Fashion For Future Festival in Bozen.\",\"breadcrumb\":{\"@id\":\"https:\\\/\\\/martina-gleissenebner-teskey.com\\\/2025\\\/04\\\/18\\\/orf-suedtirol-interview\\\/#breadcrumb\"},\"inLanguage\":\"en-US\",\"potentialAction\":[{\"@type\":\"ReadAction\",\"target\":[\"https:\\\/\\\/martina-gleissenebner-teskey.com\\\/2025\\\/04\\\/18\\\/orf-suedtirol-interview\\\/\"]}]},{\"@type\":\"ImageObject\",\"inLanguage\":\"en-US\",\"@id\":\"https:\\\/\\\/martina-gleissenebner-teskey.com\\\/2025\\\/04\\\/18\\\/orf-suedtirol-interview\\\/#primaryimage\",\"url\":\"https:\\\/\\\/martina-gleissenebner-teskey.com\\\/wp-content\\\/uploads\\\/2025\\\/04\\\/IMG_1128.jpeg\",\"contentUrl\":\"https:\\\/\\\/martina-gleissenebner-teskey.com\\\/wp-content\\\/uploads\\\/2025\\\/04\\\/IMG_1128.jpeg\",\"width\":1280,\"height\":690,\"caption\":\"Martina Gleissenebner-Teskey im Beitrag von ORF Suedtirol\"},{\"@type\":\"BreadcrumbList\",\"@id\":\"https:\\\/\\\/martina-gleissenebner-teskey.com\\\/2025\\\/04\\\/18\\\/orf-suedtirol-interview\\\/#breadcrumb\",\"itemListElement\":[{\"@type\":\"ListItem\",\"position\":1,\"name\":\"Startseite\",\"item\":\"https:\\\/\\\/martina-gleissenebner-teskey.com\\\/\"},{\"@type\":\"ListItem\",\"position\":2,\"name\":\"ORF S\u00fcdtirol Interview\"}]},{\"@type\":\"WebSite\",\"@id\":\"https:\\\/\\\/martina-gleissenebner-teskey.com\\\/#website\",\"url\":\"https:\\\/\\\/martina-gleissenebner-teskey.com\\\/\",\"name\":\"Martina Gleissenebner-Teskey\",\"description\":\"The Personality Entrepreneur\",\"potentialAction\":[{\"@type\":\"SearchAction\",\"target\":{\"@type\":\"EntryPoint\",\"urlTemplate\":\"https:\\\/\\\/martina-gleissenebner-teskey.com\\\/?s={search_term_string}\"},\"query-input\":{\"@type\":\"PropertyValueSpecification\",\"valueRequired\":true,\"valueName\":\"search_term_string\"}}],\"inLanguage\":\"en-US\"},{\"@type\":\"Person\",\"@id\":\"https:\\\/\\\/martina-gleissenebner-teskey.com\\\/#\\\/schema\\\/person\\\/dd24cbe351cc5479e1a1e033917caf90\",\"name\":\"Martina\",\"sameAs\":[\"https:\\\/\\\/martina-gleissenebner-teskey.com\"],\"url\":\"https:\\\/\\\/martina-gleissenebner-teskey.com\\\/en\\\/author\\\/admin\\\/\"}]}<\/script>\n<!-- \/ Yoast SEO Premium plugin. -->","yoast_head_json":{"title":"ORF S\u00fcdtirol Interview - Martina Gleissenebner-Teskey","description":"Thank you for this great contribution by Nadja Walluschnig for ORF South Tyrol during my participation in the Fashion For Future Festival in Bolzano.","robots":{"index":"index","follow":"follow","max-snippet":"max-snippet:-1","max-image-preview":"max-image-preview:large","max-video-preview":"max-video-preview:-1"},"canonical":"https:\/\/martina-gleissenebner-teskey.com\/en\/2025\/04\/18\/orf-suedtirol-interview\/","og_locale":"en_US","og_type":"article","og_title":"ORF S\u00fcdtirol Interview","og_description":"Danke f\u00fcr diesen tollen Beitrag von Nadja Walluschnig f\u00fcr den ORF S\u00fcdtirol w\u00e4hrend meiner Teilnahme am Fashion For Future Festival in Bozen.","og_url":"https:\/\/martina-gleissenebner-teskey.com\/en\/2025\/04\/18\/orf-suedtirol-interview\/","og_site_name":"Martina Gleissenebner-Teskey","article_publisher":"https:\/\/www.facebook.com\/martina.gleissenebnerteskey.training\/","article_published_time":"2025-04-18T17:55:34+00:00","article_modified_time":"2025-04-18T17:56:44+00:00","og_image":[{"width":1280,"height":690,"url":"https:\/\/martina-gleissenebner-teskey.com\/wp-content\/uploads\/2025\/04\/IMG_1128.jpeg","type":"image\/jpeg"}],"author":"Martina","twitter_card":"summary_large_image","twitter_misc":{"Written by":"Martina","Est. reading time":"1 minute"},"schema":{"@context":"https:\/\/schema.org","@graph":[{"@type":"Article","@id":"https:\/\/martina-gleissenebner-teskey.com\/2025\/04\/18\/orf-suedtirol-interview\/#article","isPartOf":{"@id":"https:\/\/martina-gleissenebner-teskey.com\/2025\/04\/18\/orf-suedtirol-interview\/"},"author":{"name":"Martina","@id":"https:\/\/martina-gleissenebner-teskey.com\/#\/schema\/person\/dd24cbe351cc5479e1a1e033917caf90"},"headline":"ORF S\u00fcdtirol Interview","datePublished":"2025-04-18T17:55:34+00:00","dateModified":"2025-04-18T17:56:44+00:00","mainEntityOfPage":{"@id":"https:\/\/martina-gleissenebner-teskey.com\/2025\/04\/18\/orf-suedtirol-interview\/"},"wordCount":269,"commentCount":0,"image":{"@id":"https:\/\/martina-gleissenebner-teskey.com\/2025\/04\/18\/orf-suedtirol-interview\/#primaryimage"},"thumbnailUrl":"https:\/\/martina-gleissenebner-teskey.com\/wp-content\/uploads\/2025\/04\/IMG_1128.jpeg","keywords":["Best Age Modeling","Heidi Klum","Sch\u00f6nheitsideale"],"articleSection":["Interviews"],"inLanguage":"en-US","potentialAction":[{"@type":"CommentAction","name":"Comment","target":["https:\/\/martina-gleissenebner-teskey.com\/2025\/04\/18\/orf-suedtirol-interview\/#respond"]}]},{"@type":"WebPage","@id":"https:\/\/martina-gleissenebner-teskey.com\/2025\/04\/18\/orf-suedtirol-interview\/","url":"https:\/\/martina-gleissenebner-teskey.com\/2025\/04\/18\/orf-suedtirol-interview\/","name":"ORF S\u00fcdtirol Interview - Martina Gleissenebner-Teskey","isPartOf":{"@id":"https:\/\/martina-gleissenebner-teskey.com\/#website"},"primaryImageOfPage":{"@id":"https:\/\/martina-gleissenebner-teskey.com\/2025\/04\/18\/orf-suedtirol-interview\/#primaryimage"},"image":{"@id":"https:\/\/martina-gleissenebner-teskey.com\/2025\/04\/18\/orf-suedtirol-interview\/#primaryimage"},"thumbnailUrl":"https:\/\/martina-gleissenebner-teskey.com\/wp-content\/uploads\/2025\/04\/IMG_1128.jpeg","datePublished":"2025-04-18T17:55:34+00:00","dateModified":"2025-04-18T17:56:44+00:00","author":{"@id":"https:\/\/martina-gleissenebner-teskey.com\/#\/schema\/person\/dd24cbe351cc5479e1a1e033917caf90"},"description":"Thank you for this great contribution by Nadja Walluschnig for ORF South Tyrol during my participation in the Fashion For Future Festival in Bolzano.","breadcrumb":{"@id":"https:\/\/martina-gleissenebner-teskey.com\/2025\/04\/18\/orf-suedtirol-interview\/#breadcrumb"},"inLanguage":"en-US","potentialAction":[{"@type":"ReadAction","target":["https:\/\/martina-gleissenebner-teskey.com\/2025\/04\/18\/orf-suedtirol-interview\/"]}]},{"@type":"ImageObject","inLanguage":"en-US","@id":"https:\/\/martina-gleissenebner-teskey.com\/2025\/04\/18\/orf-suedtirol-interview\/#primaryimage","url":"https:\/\/martina-gleissenebner-teskey.com\/wp-content\/uploads\/2025\/04\/IMG_1128.jpeg","contentUrl":"https:\/\/martina-gleissenebner-teskey.com\/wp-content\/uploads\/2025\/04\/IMG_1128.jpeg","width":1280,"height":690,"caption":"Martina Gleissenebner-Teskey im Beitrag von ORF Suedtirol"},{"@type":"BreadcrumbList","@id":"https:\/\/martina-gleissenebner-teskey.com\/2025\/04\/18\/orf-suedtirol-interview\/#breadcrumb","itemListElement":[{"@type":"ListItem","position":1,"name":"Startseite","item":"https:\/\/martina-gleissenebner-teskey.com\/"},{"@type":"ListItem","position":2,"name":"ORF S\u00fcdtirol Interview"}]},{"@type":"WebSite","@id":"https:\/\/martina-gleissenebner-teskey.com\/#website","url":"https:\/\/martina-gleissenebner-teskey.com\/","name":"Martina Gleissenebner-Teskey","description":"The Personality Entrepreneur","potentialAction":[{"@type":"SearchAction","target":{"@type":"EntryPoint","urlTemplate":"https:\/\/martina-gleissenebner-teskey.com\/?s={search_term_string}"},"query-input":{"@type":"PropertyValueSpecification","valueRequired":true,"valueName":"search_term_string"}}],"inLanguage":"en-US"},{"@type":"Person","@id":"https:\/\/martina-gleissenebner-teskey.com\/#\/schema\/person\/dd24cbe351cc5479e1a1e033917caf90","name":"Martina","sameAs":["https:\/\/martina-gleissenebner-teskey.com"],"url":"https:\/\/martina-gleissenebner-teskey.com\/en\/author\/admin\/"}]}},"_links":{"self":[{"href":"https:\/\/martina-gleissenebner-teskey.com\/en\/wp-json\/wp\/v2\/posts\/9714","targetHints":{"allow":["GET"]}}],"collection":[{"href":"https:\/\/martina-gleissenebner-teskey.com\/en\/wp-json\/wp\/v2\/posts"}],"about":[{"href":"https:\/\/martina-gleissenebner-teskey.com\/en\/wp-json\/wp\/v2\/types\/post"}],"author":[{"embeddable":true,"href":"https:\/\/martina-gleissenebner-teskey.com\/en\/wp-json\/wp\/v2\/users\/1"}],"replies":[{"embeddable":true,"href":"https:\/\/martina-gleissenebner-teskey.com\/en\/wp-json\/wp\/v2\/comments?post=9714"}],"version-history":[{"count":1,"href":"https:\/\/martina-gleissenebner-teskey.com\/en\/wp-json\/wp\/v2\/posts\/9714\/revisions"}],"predecessor-version":[{"id":9716,"href":"https:\/\/martina-gleissenebner-teskey.com\/en\/wp-json\/wp\/v2\/posts\/9714\/revisions\/9716"}],"wp:featuredmedia":[{"embeddable":true,"href":"https:\/\/martina-gleissenebner-teskey.com\/en\/wp-json\/wp\/v2\/media\/9715"}],"wp:attachment":[{"href":"https:\/\/martina-gleissenebner-teskey.com\/en\/wp-json\/wp\/v2\/media?parent=9714"}],"wp:term":[{"taxonomy":"category","embeddable":true,"href":"https:\/\/martina-gleissenebner-teskey.com\/en\/wp-json\/wp\/v2\/categories?post=9714"},{"taxonomy":"post_tag","embeddable":true,"href":"https:\/\/martina-gleissenebner-teskey.com\/en\/wp-json\/wp\/v2\/tags?post=9714"}],"curies":[{"name":"wp","href":"https:\/\/api.w.org\/{rel}","templated":true}]}}