{"id":9701,"date":"2025-04-09T14:18:41","date_gmt":"2025-04-09T12:18:41","guid":{"rendered":"https:\/\/martina-gleissenebner-teskey.com\/?p=9701"},"modified":"2025-04-09T14:18:41","modified_gmt":"2025-04-09T12:18:41","slug":"salto-over-heidi-klum-criticism-of-capitalism-and-the-fashion-of-the-future","status":"publish","type":"post","link":"https:\/\/martina-gleissenebner-teskey.com\/en\/2025\/04\/09\/salto-ueber-heidi-klum-kapitalismuskritik-und-die-mode-der-zukunft\/","title":{"rendered":"SALTO: On Heidi Klum, criticism of capitalism and the fashion of the future"},"content":{"rendered":"<div id=\"fws_69f431e77e7ab\"  data-column-margin=\"default\" data-midnight=\"dark\"  class=\"wpb_row vc_row-fluid vc_row\"  style=\"padding-top: 0px; padding-bottom: 0px; \"><div class=\"row-bg-wrap\" data-bg-animation=\"none\" data-bg-animation-delay=\"\" data-bg-overlay=\"false\"><div class=\"inner-wrap row-bg-layer\" ><div class=\"row-bg viewport-desktop\"  style=\"\"><\/div><\/div><\/div><div class=\"row_col_wrap_12 col span_12 dark left\">\n\t<div  class=\"vc_col-sm-12 wpb_column column_container vc_column_container col no-extra-padding inherit_tablet inherit_phone\"  data-padding-pos=\"all\" data-has-bg-color=\"false\" data-bg-color=\"\" data-bg-opacity=\"1\" data-animation=\"\" data-delay=\"0\" >\n\t\t<div class=\"vc_column-inner\" >\n\t\t\t<div class=\"wpb_wrapper\">\n\t\t\t\t<div id=\"fws_69f431e77f2f5\" data-midnight=\"\" data-column-margin=\"default\" class=\"wpb_row vc_row-fluid vc_row inner_row vc_row-o-equal-height vc_row-flex vc_row-o-content-top\"  style=\"\"><div class=\"row-bg-wrap\"> <div class=\"row-bg\" ><\/div> <\/div><div class=\"row_col_wrap_12_inner col span_12  left\">\n\t<div  class=\"vc_col-sm-12 wpb_column column_container vc_column_container col child_column no-extra-padding inherit_tablet inherit_phone\"   data-padding-pos=\"all\" data-has-bg-color=\"false\" data-bg-color=\"\" data-bg-opacity=\"1\" data-animation=\"\" data-delay=\"0\" >\n\t\t<div class=\"vc_column-inner\" >\n\t\t<div class=\"wpb_wrapper\">\n\t\t\t<div class=\"img-with-aniamtion-wrap center\" data-max-width=\"100%\" data-max-width-mobile=\"default\" data-shadow=\"none\" data-animation=\"none\" >\n      <div class=\"inner\">\n        <div class=\"hover-wrap\"> \n          <div class=\"hover-wrap-inner\">\n            <a href=\"https:\/\/salto.bz\/de\/article\/09042025\/heidi-klum-ist-fur-mich-ein-vorbild\" target=\"_blank\" class=\"center\">\n              <img loading=\"lazy\" decoding=\"async\" class=\"img-with-animation skip-lazy\" data-delay=\"0\" height=\"570\" width=\"852\" data-animation=\"none\" src=\"https:\/\/martina-gleissenebner-teskey.com\/wp-content\/uploads\/2025\/04\/SALTO_Interview.png\" alt=\"Martina Gleissenebner-Teskey and Lou-Anne Gleissenebner backstage during the filming of GNTM 2022\" srcset=\"https:\/\/martina-gleissenebner-teskey.com\/wp-content\/uploads\/2025\/04\/SALTO_Interview.png 852w, https:\/\/martina-gleissenebner-teskey.com\/wp-content\/uploads\/2025\/04\/SALTO_Interview-300x201.png 300w, https:\/\/martina-gleissenebner-teskey.com\/wp-content\/uploads\/2025\/04\/SALTO_Interview-768x514.png 768w, https:\/\/martina-gleissenebner-teskey.com\/wp-content\/uploads\/2025\/04\/SALTO_Interview-18x12.png 18w, https:\/\/martina-gleissenebner-teskey.com\/wp-content\/uploads\/2025\/04\/SALTO_Interview-400x269.png 400w\" sizes=\"auto, (max-width: 852px) 100vw, 852px\" \/>\n            <\/a>\n          <\/div>\n        <\/div>\n      <\/div>\n      <\/div>\n\t\t<\/div> \n\t<\/div>\n\t<\/div> \n<\/div><\/div><div class=\"divider-wrap\" data-alignment=\"default\"><div style=\"height: 25px;\" class=\"divider\"><\/div><\/div><blockquote class=\"nectar_single_testimonial\" data-color=\"default\" data-style=\"small_modern\"><div class=\"inner\"> <p><span class=\"open-quote\">\u201d<\/span>\"But we have to look at this system, which is neither fair nor forward-looking.\" <\/p><span class=\"wrap\"><span>Martina Gleissenebner-Teskey<\/span><span class=\"title\">on the subject of capitalism<\/span><\/span><\/div><\/blockquote>\n<div class=\"wpb_text_column wpb_content_element\" >\n\t<div class=\"wpb_wrapper\">\n\t\t<p><em><strong>In the\u00a0<\/strong><\/em><a href=\"https:\/\/martina-gleissenebner-teskey.com\/en\/2025\/04\/07\/franzmagazine-just-looking-good-was-always-too-little-for-me\/\" target=\"_blank\" rel=\"noopener\"><em><strong>Interview with the South Tyrolean fashion blogger Susanne Barta<\/strong><\/em><\/a><em><strong>\u00a0are you very critical of capitalism, do you want to abolish it?<\/strong><\/em><\/p>\n<p>I have been working intensively on this question for several years\u00a0<em>(laughs)<\/em>. We have created an absolutely efficient system that promotes motivation, but which is now gradually becoming absurd. Money, the central value in capitalism, no longer has the value it should represent. Exchanges with money used to make sense because the exchange of goods for goods is less efficient. But if we now consider which goods and services are really of value, they are no longer properly represented by money.<\/p>\n<p><a href=\"https:\/\/salto.bz\/de\/article\/09042025\/heidi-klum-ist-fur-mich-ein-vorbild\" target=\"_blank\" rel=\"noopener\">Read the full article here.<\/a><\/p>\n\t<\/div>\n<\/div>\n\n\n\n<div class=\"divider-wrap\" data-alignment=\"default\"><div style=\"height: 25px;\" class=\"divider\"><\/div><\/div>\n\t\t\t<\/div> \n\t\t<\/div>\n\t<\/div> \n<\/div><\/div>","protected":false},"excerpt":{"rendered":"&#8221;\u201eAber wir m\u00fcssen hinschauen auf dieses System, das weder gerecht noch zukunftsweisend ist.\u201c Martina Gleissenebner-Teskeyzum Thema Kapitalismus Im\u00a0Interview mit der S\u00fcdtiroler Fashion-Bloggerin Susanne Barta\u00a0\u00e4u\u00dfern Sie sich sehr kritisch \u00fcber den...","protected":false},"author":1,"featured_media":9702,"comment_status":"open","ping_status":"open","sticky":false,"template":"","format":"standard","meta":{"footnotes":""},"categories":[35],"tags":[51,49,50],"class_list":{"0":"post-9701","1":"post","2":"type-post","3":"status-publish","4":"format-standard","5":"has-post-thumbnail","7":"category-interviews","8":"tag-was-mir-wichtig-ist","9":"tag-wertehaltung","10":"tag-wofuer-ich-stehe"},"yoast_head":"<!-- This site is optimized with the Yoast SEO Premium plugin v26.7 (Yoast SEO v27.5) - https:\/\/yoast.com\/product\/yoast-seo-premium-wordpress\/ -->\n<title>SALTO: \u00dcber Heidi Klum, Kapitalismuskritik und die Mode der Zukunft - Martina Gleissenebner-Teskey<\/title>\n<meta name=\"description\" content=\"Ein Interview mit dem S\u00fcdtiroler Online Medium SALTO \u00fcber meine Haltung zu Heidi Klum, das kapitalistische System und die Zukunft der Mode\" \/>\n<meta name=\"robots\" content=\"index, follow, max-snippet:-1, max-image-preview:large, max-video-preview:-1\" \/>\n<link rel=\"canonical\" href=\"https:\/\/martina-gleissenebner-teskey.com\/en\/2025\/04\/09\/salto-over-heidi-klum-criticism-of-capitalism-and-the-fashion-of-the-future\/\" \/>\n<meta property=\"og:locale\" content=\"en_US\" \/>\n<meta property=\"og:type\" content=\"article\" \/>\n<meta property=\"og:title\" content=\"SALTO: \u00dcber Heidi Klum, Kapitalismuskritik und die Mode der Zukunft\" \/>\n<meta property=\"og:description\" content=\"Ein Interview mit dem S\u00fcdtiroler Online Medium SALTO \u00fcber meine Haltung zu Heidi Klum, das kapitalistische System und die Zukunft der Mode\" \/>\n<meta property=\"og:url\" content=\"https:\/\/martina-gleissenebner-teskey.com\/en\/2025\/04\/09\/salto-over-heidi-klum-criticism-of-capitalism-and-the-fashion-of-the-future\/\" \/>\n<meta property=\"og:site_name\" content=\"Martina Gleissenebner-Teskey\" \/>\n<meta property=\"article:publisher\" content=\"https:\/\/www.facebook.com\/martina.gleissenebnerteskey.training\/\" \/>\n<meta property=\"article:published_time\" content=\"2025-04-09T12:18:41+00:00\" \/>\n<meta property=\"og:image\" content=\"https:\/\/martina-gleissenebner-teskey.com\/wp-content\/uploads\/2025\/04\/SALTO_Interview.png\" \/>\n\t<meta property=\"og:image:width\" content=\"852\" \/>\n\t<meta property=\"og:image:height\" content=\"570\" \/>\n\t<meta property=\"og:image:type\" content=\"image\/png\" \/>\n<meta name=\"author\" content=\"Martina\" \/>\n<meta name=\"twitter:card\" content=\"summary_large_image\" \/>\n<meta name=\"twitter:label1\" content=\"Written by\" \/>\n\t<meta name=\"twitter:data1\" content=\"Martina\" \/>\n\t<meta name=\"twitter:label2\" content=\"Est. reading time\" \/>\n\t<meta name=\"twitter:data2\" content=\"2 minutes\" \/>\n<script type=\"application\/ld+json\" class=\"yoast-schema-graph\">{\"@context\":\"https:\\\/\\\/schema.org\",\"@graph\":[{\"@type\":\"Article\",\"@id\":\"https:\\\/\\\/martina-gleissenebner-teskey.com\\\/2025\\\/04\\\/09\\\/salto-ueber-heidi-klum-kapitalismuskritik-und-die-mode-der-zukunft\\\/#article\",\"isPartOf\":{\"@id\":\"https:\\\/\\\/martina-gleissenebner-teskey.com\\\/2025\\\/04\\\/09\\\/salto-ueber-heidi-klum-kapitalismuskritik-und-die-mode-der-zukunft\\\/\"},\"author\":{\"name\":\"Martina\",\"@id\":\"https:\\\/\\\/martina-gleissenebner-teskey.com\\\/#\\\/schema\\\/person\\\/dd24cbe351cc5479e1a1e033917caf90\"},\"headline\":\"SALTO: \u00dcber Heidi Klum, Kapitalismuskritik und die Mode der Zukunft\",\"datePublished\":\"2025-04-09T12:18:41+00:00\",\"mainEntityOfPage\":{\"@id\":\"https:\\\/\\\/martina-gleissenebner-teskey.com\\\/2025\\\/04\\\/09\\\/salto-ueber-heidi-klum-kapitalismuskritik-und-die-mode-der-zukunft\\\/\"},\"wordCount\":525,\"commentCount\":0,\"image\":{\"@id\":\"https:\\\/\\\/martina-gleissenebner-teskey.com\\\/2025\\\/04\\\/09\\\/salto-ueber-heidi-klum-kapitalismuskritik-und-die-mode-der-zukunft\\\/#primaryimage\"},\"thumbnailUrl\":\"https:\\\/\\\/martina-gleissenebner-teskey.com\\\/wp-content\\\/uploads\\\/2025\\\/04\\\/SALTO_Interview.png\",\"keywords\":[\"Was mir wichtig ist\",\"Wertehaltung\",\"Wof\u00fcr ich stehe\"],\"articleSection\":[\"Interviews\"],\"inLanguage\":\"en-US\",\"potentialAction\":[{\"@type\":\"CommentAction\",\"name\":\"Comment\",\"target\":[\"https:\\\/\\\/martina-gleissenebner-teskey.com\\\/2025\\\/04\\\/09\\\/salto-ueber-heidi-klum-kapitalismuskritik-und-die-mode-der-zukunft\\\/#respond\"]}]},{\"@type\":\"WebPage\",\"@id\":\"https:\\\/\\\/martina-gleissenebner-teskey.com\\\/2025\\\/04\\\/09\\\/salto-ueber-heidi-klum-kapitalismuskritik-und-die-mode-der-zukunft\\\/\",\"url\":\"https:\\\/\\\/martina-gleissenebner-teskey.com\\\/2025\\\/04\\\/09\\\/salto-ueber-heidi-klum-kapitalismuskritik-und-die-mode-der-zukunft\\\/\",\"name\":\"SALTO: \u00dcber Heidi Klum, Kapitalismuskritik und die Mode der Zukunft - Martina Gleissenebner-Teskey\",\"isPartOf\":{\"@id\":\"https:\\\/\\\/martina-gleissenebner-teskey.com\\\/#website\"},\"primaryImageOfPage\":{\"@id\":\"https:\\\/\\\/martina-gleissenebner-teskey.com\\\/2025\\\/04\\\/09\\\/salto-ueber-heidi-klum-kapitalismuskritik-und-die-mode-der-zukunft\\\/#primaryimage\"},\"image\":{\"@id\":\"https:\\\/\\\/martina-gleissenebner-teskey.com\\\/2025\\\/04\\\/09\\\/salto-ueber-heidi-klum-kapitalismuskritik-und-die-mode-der-zukunft\\\/#primaryimage\"},\"thumbnailUrl\":\"https:\\\/\\\/martina-gleissenebner-teskey.com\\\/wp-content\\\/uploads\\\/2025\\\/04\\\/SALTO_Interview.png\",\"datePublished\":\"2025-04-09T12:18:41+00:00\",\"author\":{\"@id\":\"https:\\\/\\\/martina-gleissenebner-teskey.com\\\/#\\\/schema\\\/person\\\/dd24cbe351cc5479e1a1e033917caf90\"},\"description\":\"Ein Interview mit dem S\u00fcdtiroler Online Medium SALTO \u00fcber meine Haltung zu Heidi Klum, das kapitalistische System und die Zukunft der Mode\",\"breadcrumb\":{\"@id\":\"https:\\\/\\\/martina-gleissenebner-teskey.com\\\/2025\\\/04\\\/09\\\/salto-ueber-heidi-klum-kapitalismuskritik-und-die-mode-der-zukunft\\\/#breadcrumb\"},\"inLanguage\":\"en-US\",\"potentialAction\":[{\"@type\":\"ReadAction\",\"target\":[\"https:\\\/\\\/martina-gleissenebner-teskey.com\\\/2025\\\/04\\\/09\\\/salto-ueber-heidi-klum-kapitalismuskritik-und-die-mode-der-zukunft\\\/\"]}]},{\"@type\":\"ImageObject\",\"inLanguage\":\"en-US\",\"@id\":\"https:\\\/\\\/martina-gleissenebner-teskey.com\\\/2025\\\/04\\\/09\\\/salto-ueber-heidi-klum-kapitalismuskritik-und-die-mode-der-zukunft\\\/#primaryimage\",\"url\":\"https:\\\/\\\/martina-gleissenebner-teskey.com\\\/wp-content\\\/uploads\\\/2025\\\/04\\\/SALTO_Interview.png\",\"contentUrl\":\"https:\\\/\\\/martina-gleissenebner-teskey.com\\\/wp-content\\\/uploads\\\/2025\\\/04\\\/SALTO_Interview.png\",\"width\":852,\"height\":570,\"caption\":\"Martina Gleissenebner-Teskey und Lou-Anne Gleissenebner im Backstage bei den Dreharbeiten von GNTM 2022\"},{\"@type\":\"BreadcrumbList\",\"@id\":\"https:\\\/\\\/martina-gleissenebner-teskey.com\\\/2025\\\/04\\\/09\\\/salto-ueber-heidi-klum-kapitalismuskritik-und-die-mode-der-zukunft\\\/#breadcrumb\",\"itemListElement\":[{\"@type\":\"ListItem\",\"position\":1,\"name\":\"Startseite\",\"item\":\"https:\\\/\\\/martina-gleissenebner-teskey.com\\\/\"},{\"@type\":\"ListItem\",\"position\":2,\"name\":\"SALTO: \u00dcber Heidi Klum, Kapitalismuskritik und die Mode der Zukunft\"}]},{\"@type\":\"WebSite\",\"@id\":\"https:\\\/\\\/martina-gleissenebner-teskey.com\\\/#website\",\"url\":\"https:\\\/\\\/martina-gleissenebner-teskey.com\\\/\",\"name\":\"Martina Gleissenebner-Teskey\",\"description\":\"The Personality Entrepreneur\",\"potentialAction\":[{\"@type\":\"SearchAction\",\"target\":{\"@type\":\"EntryPoint\",\"urlTemplate\":\"https:\\\/\\\/martina-gleissenebner-teskey.com\\\/?s={search_term_string}\"},\"query-input\":{\"@type\":\"PropertyValueSpecification\",\"valueRequired\":true,\"valueName\":\"search_term_string\"}}],\"inLanguage\":\"en-US\"},{\"@type\":\"Person\",\"@id\":\"https:\\\/\\\/martina-gleissenebner-teskey.com\\\/#\\\/schema\\\/person\\\/dd24cbe351cc5479e1a1e033917caf90\",\"name\":\"Martina\",\"sameAs\":[\"https:\\\/\\\/martina-gleissenebner-teskey.com\"],\"url\":\"https:\\\/\\\/martina-gleissenebner-teskey.com\\\/en\\\/author\\\/admin\\\/\"}]}<\/script>\n<!-- \/ Yoast SEO Premium plugin. -->","yoast_head_json":{"title":"SALTO: On Heidi Klum, criticism of capitalism and the fashion of the future - Martina Gleissenebner-Teskey","description":"An interview with the South Tyrolean online medium SALTO about my attitude towards Heidi Klum, the capitalist system and the future of fashion","robots":{"index":"index","follow":"follow","max-snippet":"max-snippet:-1","max-image-preview":"max-image-preview:large","max-video-preview":"max-video-preview:-1"},"canonical":"https:\/\/martina-gleissenebner-teskey.com\/en\/2025\/04\/09\/salto-over-heidi-klum-criticism-of-capitalism-and-the-fashion-of-the-future\/","og_locale":"en_US","og_type":"article","og_title":"SALTO: \u00dcber Heidi Klum, Kapitalismuskritik und die Mode der Zukunft","og_description":"Ein Interview mit dem S\u00fcdtiroler Online Medium SALTO \u00fcber meine Haltung zu Heidi Klum, das kapitalistische System und die Zukunft der Mode","og_url":"https:\/\/martina-gleissenebner-teskey.com\/en\/2025\/04\/09\/salto-over-heidi-klum-criticism-of-capitalism-and-the-fashion-of-the-future\/","og_site_name":"Martina Gleissenebner-Teskey","article_publisher":"https:\/\/www.facebook.com\/martina.gleissenebnerteskey.training\/","article_published_time":"2025-04-09T12:18:41+00:00","og_image":[{"width":852,"height":570,"url":"https:\/\/martina-gleissenebner-teskey.com\/wp-content\/uploads\/2025\/04\/SALTO_Interview.png","type":"image\/png"}],"author":"Martina","twitter_card":"summary_large_image","twitter_misc":{"Written by":"Martina","Est. reading time":"2 minutes"},"schema":{"@context":"https:\/\/schema.org","@graph":[{"@type":"Article","@id":"https:\/\/martina-gleissenebner-teskey.com\/2025\/04\/09\/salto-ueber-heidi-klum-kapitalismuskritik-und-die-mode-der-zukunft\/#article","isPartOf":{"@id":"https:\/\/martina-gleissenebner-teskey.com\/2025\/04\/09\/salto-ueber-heidi-klum-kapitalismuskritik-und-die-mode-der-zukunft\/"},"author":{"name":"Martina","@id":"https:\/\/martina-gleissenebner-teskey.com\/#\/schema\/person\/dd24cbe351cc5479e1a1e033917caf90"},"headline":"SALTO: \u00dcber Heidi Klum, Kapitalismuskritik und die Mode der Zukunft","datePublished":"2025-04-09T12:18:41+00:00","mainEntityOfPage":{"@id":"https:\/\/martina-gleissenebner-teskey.com\/2025\/04\/09\/salto-ueber-heidi-klum-kapitalismuskritik-und-die-mode-der-zukunft\/"},"wordCount":525,"commentCount":0,"image":{"@id":"https:\/\/martina-gleissenebner-teskey.com\/2025\/04\/09\/salto-ueber-heidi-klum-kapitalismuskritik-und-die-mode-der-zukunft\/#primaryimage"},"thumbnailUrl":"https:\/\/martina-gleissenebner-teskey.com\/wp-content\/uploads\/2025\/04\/SALTO_Interview.png","keywords":["Was mir wichtig ist","Wertehaltung","Wof\u00fcr ich stehe"],"articleSection":["Interviews"],"inLanguage":"en-US","potentialAction":[{"@type":"CommentAction","name":"Comment","target":["https:\/\/martina-gleissenebner-teskey.com\/2025\/04\/09\/salto-ueber-heidi-klum-kapitalismuskritik-und-die-mode-der-zukunft\/#respond"]}]},{"@type":"WebPage","@id":"https:\/\/martina-gleissenebner-teskey.com\/2025\/04\/09\/salto-ueber-heidi-klum-kapitalismuskritik-und-die-mode-der-zukunft\/","url":"https:\/\/martina-gleissenebner-teskey.com\/2025\/04\/09\/salto-ueber-heidi-klum-kapitalismuskritik-und-die-mode-der-zukunft\/","name":"SALTO: On Heidi Klum, criticism of capitalism and the fashion of the future - Martina Gleissenebner-Teskey","isPartOf":{"@id":"https:\/\/martina-gleissenebner-teskey.com\/#website"},"primaryImageOfPage":{"@id":"https:\/\/martina-gleissenebner-teskey.com\/2025\/04\/09\/salto-ueber-heidi-klum-kapitalismuskritik-und-die-mode-der-zukunft\/#primaryimage"},"image":{"@id":"https:\/\/martina-gleissenebner-teskey.com\/2025\/04\/09\/salto-ueber-heidi-klum-kapitalismuskritik-und-die-mode-der-zukunft\/#primaryimage"},"thumbnailUrl":"https:\/\/martina-gleissenebner-teskey.com\/wp-content\/uploads\/2025\/04\/SALTO_Interview.png","datePublished":"2025-04-09T12:18:41+00:00","author":{"@id":"https:\/\/martina-gleissenebner-teskey.com\/#\/schema\/person\/dd24cbe351cc5479e1a1e033917caf90"},"description":"An interview with the South Tyrolean online medium SALTO about my attitude towards Heidi Klum, the capitalist system and the future of fashion","breadcrumb":{"@id":"https:\/\/martina-gleissenebner-teskey.com\/2025\/04\/09\/salto-ueber-heidi-klum-kapitalismuskritik-und-die-mode-der-zukunft\/#breadcrumb"},"inLanguage":"en-US","potentialAction":[{"@type":"ReadAction","target":["https:\/\/martina-gleissenebner-teskey.com\/2025\/04\/09\/salto-ueber-heidi-klum-kapitalismuskritik-und-die-mode-der-zukunft\/"]}]},{"@type":"ImageObject","inLanguage":"en-US","@id":"https:\/\/martina-gleissenebner-teskey.com\/2025\/04\/09\/salto-ueber-heidi-klum-kapitalismuskritik-und-die-mode-der-zukunft\/#primaryimage","url":"https:\/\/martina-gleissenebner-teskey.com\/wp-content\/uploads\/2025\/04\/SALTO_Interview.png","contentUrl":"https:\/\/martina-gleissenebner-teskey.com\/wp-content\/uploads\/2025\/04\/SALTO_Interview.png","width":852,"height":570,"caption":"Martina Gleissenebner-Teskey und Lou-Anne Gleissenebner im Backstage bei den Dreharbeiten von GNTM 2022"},{"@type":"BreadcrumbList","@id":"https:\/\/martina-gleissenebner-teskey.com\/2025\/04\/09\/salto-ueber-heidi-klum-kapitalismuskritik-und-die-mode-der-zukunft\/#breadcrumb","itemListElement":[{"@type":"ListItem","position":1,"name":"Startseite","item":"https:\/\/martina-gleissenebner-teskey.com\/"},{"@type":"ListItem","position":2,"name":"SALTO: \u00dcber Heidi Klum, Kapitalismuskritik und die Mode der Zukunft"}]},{"@type":"WebSite","@id":"https:\/\/martina-gleissenebner-teskey.com\/#website","url":"https:\/\/martina-gleissenebner-teskey.com\/","name":"Martina Gleissenebner-Teskey","description":"The Personality Entrepreneur","potentialAction":[{"@type":"SearchAction","target":{"@type":"EntryPoint","urlTemplate":"https:\/\/martina-gleissenebner-teskey.com\/?s={search_term_string}"},"query-input":{"@type":"PropertyValueSpecification","valueRequired":true,"valueName":"search_term_string"}}],"inLanguage":"en-US"},{"@type":"Person","@id":"https:\/\/martina-gleissenebner-teskey.com\/#\/schema\/person\/dd24cbe351cc5479e1a1e033917caf90","name":"Martina","sameAs":["https:\/\/martina-gleissenebner-teskey.com"],"url":"https:\/\/martina-gleissenebner-teskey.com\/en\/author\/admin\/"}]}},"_links":{"self":[{"href":"https:\/\/martina-gleissenebner-teskey.com\/en\/wp-json\/wp\/v2\/posts\/9701","targetHints":{"allow":["GET"]}}],"collection":[{"href":"https:\/\/martina-gleissenebner-teskey.com\/en\/wp-json\/wp\/v2\/posts"}],"about":[{"href":"https:\/\/martina-gleissenebner-teskey.com\/en\/wp-json\/wp\/v2\/types\/post"}],"author":[{"embeddable":true,"href":"https:\/\/martina-gleissenebner-teskey.com\/en\/wp-json\/wp\/v2\/users\/1"}],"replies":[{"embeddable":true,"href":"https:\/\/martina-gleissenebner-teskey.com\/en\/wp-json\/wp\/v2\/comments?post=9701"}],"version-history":[{"count":1,"href":"https:\/\/martina-gleissenebner-teskey.com\/en\/wp-json\/wp\/v2\/posts\/9701\/revisions"}],"predecessor-version":[{"id":9703,"href":"https:\/\/martina-gleissenebner-teskey.com\/en\/wp-json\/wp\/v2\/posts\/9701\/revisions\/9703"}],"wp:featuredmedia":[{"embeddable":true,"href":"https:\/\/martina-gleissenebner-teskey.com\/en\/wp-json\/wp\/v2\/media\/9702"}],"wp:attachment":[{"href":"https:\/\/martina-gleissenebner-teskey.com\/en\/wp-json\/wp\/v2\/media?parent=9701"}],"wp:term":[{"taxonomy":"category","embeddable":true,"href":"https:\/\/martina-gleissenebner-teskey.com\/en\/wp-json\/wp\/v2\/categories?post=9701"},{"taxonomy":"post_tag","embeddable":true,"href":"https:\/\/martina-gleissenebner-teskey.com\/en\/wp-json\/wp\/v2\/tags?post=9701"}],"curies":[{"name":"wp","href":"https:\/\/api.w.org\/{rel}","templated":true}]}}