{"id":9674,"date":"2025-04-07T17:55:43","date_gmt":"2025-04-07T15:55:43","guid":{"rendered":"https:\/\/martina-gleissenebner-teskey.com\/?p=9674"},"modified":"2025-04-07T17:57:12","modified_gmt":"2025-04-07T15:57:12","slug":"franzmagazine-just-looking-good-was-always-too-little-for-me","status":"publish","type":"post","link":"https:\/\/martina-gleissenebner-teskey.com\/en\/2025\/04\/07\/franzmagazine-nur-gut-auszusehen-war-mir-immer-zu-wenig\/","title":{"rendered":"FRANZMAGAZINE: Just looking good was always too little for me"},"content":{"rendered":"<div id=\"fws_69f4a88da04fa\"  data-column-margin=\"default\" data-midnight=\"dark\"  class=\"wpb_row vc_row-fluid vc_row\"  style=\"padding-top: 0px; padding-bottom: 0px; \"><div class=\"row-bg-wrap\" data-bg-animation=\"none\" data-bg-animation-delay=\"\" data-bg-overlay=\"false\"><div class=\"inner-wrap row-bg-layer\" ><div class=\"row-bg viewport-desktop\"  style=\"\"><\/div><\/div><\/div><div class=\"row_col_wrap_12 col span_12 dark left\">\n\t<div  class=\"vc_col-sm-12 wpb_column column_container vc_column_container col no-extra-padding inherit_tablet inherit_phone\"  data-padding-pos=\"all\" data-has-bg-color=\"false\" data-bg-color=\"\" data-bg-opacity=\"1\" data-animation=\"\" data-delay=\"0\" >\n\t\t<div class=\"vc_column-inner\" >\n\t\t\t<div class=\"wpb_wrapper\">\n\t\t\t\t<div id=\"fws_69f4a88da10f1\" data-midnight=\"\" data-column-margin=\"default\" class=\"wpb_row vc_row-fluid vc_row inner_row vc_row-o-equal-height vc_row-flex vc_row-o-content-top\"  style=\"\"><div class=\"row-bg-wrap\"> <div class=\"row-bg\" ><\/div> <\/div><div class=\"row_col_wrap_12_inner col span_12  left\">\n\t<div  class=\"vc_col-sm-12 wpb_column column_container vc_column_container col child_column no-extra-padding inherit_tablet inherit_phone\"   data-padding-pos=\"all\" data-has-bg-color=\"false\" data-bg-color=\"\" data-bg-opacity=\"1\" data-animation=\"\" data-delay=\"0\" >\n\t\t<div class=\"vc_column-inner\" >\n\t\t<div class=\"wpb_wrapper\">\n\t\t\t<div class=\"img-with-aniamtion-wrap center\" data-max-width=\"100%\" data-max-width-mobile=\"default\" data-shadow=\"none\" data-animation=\"none\" >\n      <div class=\"inner\">\n        <div class=\"hover-wrap\"> \n          <div class=\"hover-wrap-inner\">\n            <a href=\"https:\/\/franzmagazine.com\/2025\/04\/07\/nur-gut-auszusehen-war-mir-immer-zu-wenig\" target=\"_blank\" class=\"center\">\n              <img loading=\"lazy\" decoding=\"async\" class=\"img-with-animation skip-lazy\" data-delay=\"0\" height=\"607\" width=\"1262\" data-animation=\"none\" src=\"https:\/\/martina-gleissenebner-teskey.com\/wp-content\/uploads\/2025\/04\/Franzmagazine.png\" alt=\"\" srcset=\"https:\/\/martina-gleissenebner-teskey.com\/wp-content\/uploads\/2025\/04\/Franzmagazine.png 1262w, https:\/\/martina-gleissenebner-teskey.com\/wp-content\/uploads\/2025\/04\/Franzmagazine-300x144.png 300w, https:\/\/martina-gleissenebner-teskey.com\/wp-content\/uploads\/2025\/04\/Franzmagazine-768x369.png 768w, https:\/\/martina-gleissenebner-teskey.com\/wp-content\/uploads\/2025\/04\/Franzmagazine-18x9.png 18w\" sizes=\"auto, (max-width: 1262px) 100vw, 1262px\" \/>\n            <\/a>\n          <\/div>\n        <\/div>\n      <\/div>\n      <\/div>\n\t\t<\/div> \n\t<\/div>\n\t<\/div> \n<\/div><\/div><div class=\"divider-wrap\" data-alignment=\"default\"><div style=\"height: 25px;\" class=\"divider\"><\/div><\/div>\n<div class=\"wpb_text_column wpb_content_element\" >\n\t<div class=\"wpb_wrapper\">\n\t\t<blockquote><p>\n<em>For decades, I have worked with great dedication and commitment in training and coaching to support people in their self-development - but what kind of leverage was it to appear on a show like this, to reach so many people and to inspire them to take action. I have noticed that many sustainable fashion brands communicate in far too elitist a way and are far too exclusive. The masses are not bad or stupid, but most of them prefer lightness or are afraid of damaging themselves and their own lifestyle by making big changes. I am aware of this, which is why my project is simply an offer to take the next possible step. Many small steps taken by many people take us a long way. That's what I want to show.<\/em>\n<\/p><\/blockquote>\n<p>An absolutely unembellished interview about my commitment and what I hope to achieve with it. It's not much, but if you want to shape your own life in a meaningful way, it's enough to take a small step in the right direction.<\/p>\n<p>You can read the whole interview here: <a href=\"https:\/\/franzmagazine.com\/2025\/04\/07\/nur-gut-auszusehen-war-mir-immer-zu-wenig\" target=\"_blank\" rel=\"noopener\">https:\/\/franzmagazine.com\/2025\/04\/07\/nur-gut-auszusehen-war-mir-immer-zu-wenig<\/a><\/p>\n\t<\/div>\n<\/div>\n\n\n\n\n\t\t\t<\/div> \n\t\t<\/div>\n\t<\/div> \n<\/div><\/div>","protected":false},"excerpt":{"rendered":"For decades, I have worked with great dedication and commitment in training and coaching to support people in their self-development - but what was that for?","protected":false},"author":1,"featured_media":9675,"comment_status":"open","ping_status":"open","sticky":false,"template":"","format":"standard","meta":{"footnotes":""},"categories":[35],"tags":[39,40,37,38,36],"class_list":{"0":"post-9674","1":"post","2":"type-post","3":"status-publish","4":"format-standard","5":"has-post-thumbnail","7":"category-interviews","8":"tag-fashion-for-future","9":"tag-fashion-revolution","10":"tag-gesellschaftliches-engagement","11":"tag-nachhaltigkeit","12":"tag-walk4future"},"yoast_head":"<!-- This site is optimized with the Yoast SEO Premium plugin v26.7 (Yoast SEO v27.5) - https:\/\/yoast.com\/product\/yoast-seo-premium-wordpress\/ -->\n<title>FRANZMAGAZINE: Nur gut auszusehen, war mir immer zu wenig - Martina Gleissenebner-Teskey<\/title>\n<meta name=\"description\" content=\"Ein absolut ungesch\u00f6ntes Interview \u00fcber mein Engagement und dar\u00fcber, was ich damit zu erreichen hoffe. Viel ist es nicht, aber\" \/>\n<meta name=\"robots\" content=\"index, follow, max-snippet:-1, max-image-preview:large, max-video-preview:-1\" \/>\n<link rel=\"canonical\" href=\"https:\/\/martina-gleissenebner-teskey.com\/en\/2025\/04\/07\/franzmagazine-just-looking-good-was-always-too-little-for-me\/\" \/>\n<meta property=\"og:locale\" content=\"en_US\" \/>\n<meta property=\"og:type\" content=\"article\" \/>\n<meta property=\"og:title\" content=\"FRANZMAGAZINE: Nur gut auszusehen, war mir immer zu wenig\" \/>\n<meta property=\"og:description\" content=\"Ein absolut ungesch\u00f6ntes Interview \u00fcber mein Engagement und dar\u00fcber, was ich damit zu erreichen hoffe. Viel ist es nicht, aber\" \/>\n<meta property=\"og:url\" content=\"https:\/\/martina-gleissenebner-teskey.com\/en\/2025\/04\/07\/franzmagazine-just-looking-good-was-always-too-little-for-me\/\" \/>\n<meta property=\"og:site_name\" content=\"Martina Gleissenebner-Teskey\" \/>\n<meta property=\"article:publisher\" content=\"https:\/\/www.facebook.com\/martina.gleissenebnerteskey.training\/\" \/>\n<meta property=\"article:published_time\" content=\"2025-04-07T15:55:43+00:00\" \/>\n<meta property=\"article:modified_time\" content=\"2025-04-07T15:57:12+00:00\" \/>\n<meta property=\"og:image\" content=\"https:\/\/martina-gleissenebner-teskey.com\/wp-content\/uploads\/2025\/04\/Franzmagazine.png\" \/>\n\t<meta property=\"og:image:width\" content=\"1262\" \/>\n\t<meta property=\"og:image:height\" content=\"607\" \/>\n\t<meta property=\"og:image:type\" content=\"image\/png\" \/>\n<meta name=\"author\" content=\"Martina\" \/>\n<meta name=\"twitter:card\" content=\"summary_large_image\" \/>\n<meta name=\"twitter:label1\" content=\"Written by\" \/>\n\t<meta name=\"twitter:data1\" content=\"Martina\" \/>\n\t<meta name=\"twitter:label2\" content=\"Est. reading time\" \/>\n\t<meta name=\"twitter:data2\" content=\"2 minutes\" \/>\n<script type=\"application\/ld+json\" class=\"yoast-schema-graph\">{\"@context\":\"https:\\\/\\\/schema.org\",\"@graph\":[{\"@type\":\"Article\",\"@id\":\"https:\\\/\\\/martina-gleissenebner-teskey.com\\\/2025\\\/04\\\/07\\\/franzmagazine-nur-gut-auszusehen-war-mir-immer-zu-wenig\\\/#article\",\"isPartOf\":{\"@id\":\"https:\\\/\\\/martina-gleissenebner-teskey.com\\\/2025\\\/04\\\/07\\\/franzmagazine-nur-gut-auszusehen-war-mir-immer-zu-wenig\\\/\"},\"author\":{\"name\":\"Martina\",\"@id\":\"https:\\\/\\\/martina-gleissenebner-teskey.com\\\/#\\\/schema\\\/person\\\/dd24cbe351cc5479e1a1e033917caf90\"},\"headline\":\"FRANZMAGAZINE: Nur gut auszusehen, war mir immer zu wenig\",\"datePublished\":\"2025-04-07T15:55:43+00:00\",\"dateModified\":\"2025-04-07T15:57:12+00:00\",\"mainEntityOfPage\":{\"@id\":\"https:\\\/\\\/martina-gleissenebner-teskey.com\\\/2025\\\/04\\\/07\\\/franzmagazine-nur-gut-auszusehen-war-mir-immer-zu-wenig\\\/\"},\"wordCount\":555,\"commentCount\":0,\"image\":{\"@id\":\"https:\\\/\\\/martina-gleissenebner-teskey.com\\\/2025\\\/04\\\/07\\\/franzmagazine-nur-gut-auszusehen-war-mir-immer-zu-wenig\\\/#primaryimage\"},\"thumbnailUrl\":\"https:\\\/\\\/martina-gleissenebner-teskey.com\\\/wp-content\\\/uploads\\\/2025\\\/04\\\/Franzmagazine.png\",\"keywords\":[\"Fashion For Future\",\"Fashion revolution\",\"gesellschaftliches Engagement\",\"Nachhaltigkeit\",\"walk4future\"],\"articleSection\":[\"Interviews\"],\"inLanguage\":\"en-US\",\"potentialAction\":[{\"@type\":\"CommentAction\",\"name\":\"Comment\",\"target\":[\"https:\\\/\\\/martina-gleissenebner-teskey.com\\\/2025\\\/04\\\/07\\\/franzmagazine-nur-gut-auszusehen-war-mir-immer-zu-wenig\\\/#respond\"]}]},{\"@type\":\"WebPage\",\"@id\":\"https:\\\/\\\/martina-gleissenebner-teskey.com\\\/2025\\\/04\\\/07\\\/franzmagazine-nur-gut-auszusehen-war-mir-immer-zu-wenig\\\/\",\"url\":\"https:\\\/\\\/martina-gleissenebner-teskey.com\\\/2025\\\/04\\\/07\\\/franzmagazine-nur-gut-auszusehen-war-mir-immer-zu-wenig\\\/\",\"name\":\"FRANZMAGAZINE: Nur gut auszusehen, war mir immer zu wenig - Martina Gleissenebner-Teskey\",\"isPartOf\":{\"@id\":\"https:\\\/\\\/martina-gleissenebner-teskey.com\\\/#website\"},\"primaryImageOfPage\":{\"@id\":\"https:\\\/\\\/martina-gleissenebner-teskey.com\\\/2025\\\/04\\\/07\\\/franzmagazine-nur-gut-auszusehen-war-mir-immer-zu-wenig\\\/#primaryimage\"},\"image\":{\"@id\":\"https:\\\/\\\/martina-gleissenebner-teskey.com\\\/2025\\\/04\\\/07\\\/franzmagazine-nur-gut-auszusehen-war-mir-immer-zu-wenig\\\/#primaryimage\"},\"thumbnailUrl\":\"https:\\\/\\\/martina-gleissenebner-teskey.com\\\/wp-content\\\/uploads\\\/2025\\\/04\\\/Franzmagazine.png\",\"datePublished\":\"2025-04-07T15:55:43+00:00\",\"dateModified\":\"2025-04-07T15:57:12+00:00\",\"author\":{\"@id\":\"https:\\\/\\\/martina-gleissenebner-teskey.com\\\/#\\\/schema\\\/person\\\/dd24cbe351cc5479e1a1e033917caf90\"},\"description\":\"Ein absolut ungesch\u00f6ntes Interview \u00fcber mein Engagement und dar\u00fcber, was ich damit zu erreichen hoffe. Viel ist es nicht, aber\",\"breadcrumb\":{\"@id\":\"https:\\\/\\\/martina-gleissenebner-teskey.com\\\/2025\\\/04\\\/07\\\/franzmagazine-nur-gut-auszusehen-war-mir-immer-zu-wenig\\\/#breadcrumb\"},\"inLanguage\":\"en-US\",\"potentialAction\":[{\"@type\":\"ReadAction\",\"target\":[\"https:\\\/\\\/martina-gleissenebner-teskey.com\\\/2025\\\/04\\\/07\\\/franzmagazine-nur-gut-auszusehen-war-mir-immer-zu-wenig\\\/\"]}]},{\"@type\":\"ImageObject\",\"inLanguage\":\"en-US\",\"@id\":\"https:\\\/\\\/martina-gleissenebner-teskey.com\\\/2025\\\/04\\\/07\\\/franzmagazine-nur-gut-auszusehen-war-mir-immer-zu-wenig\\\/#primaryimage\",\"url\":\"https:\\\/\\\/martina-gleissenebner-teskey.com\\\/wp-content\\\/uploads\\\/2025\\\/04\\\/Franzmagazine.png\",\"contentUrl\":\"https:\\\/\\\/martina-gleissenebner-teskey.com\\\/wp-content\\\/uploads\\\/2025\\\/04\\\/Franzmagazine.png\",\"width\":1262,\"height\":607},{\"@type\":\"BreadcrumbList\",\"@id\":\"https:\\\/\\\/martina-gleissenebner-teskey.com\\\/2025\\\/04\\\/07\\\/franzmagazine-nur-gut-auszusehen-war-mir-immer-zu-wenig\\\/#breadcrumb\",\"itemListElement\":[{\"@type\":\"ListItem\",\"position\":1,\"name\":\"Startseite\",\"item\":\"https:\\\/\\\/martina-gleissenebner-teskey.com\\\/\"},{\"@type\":\"ListItem\",\"position\":2,\"name\":\"FRANZMAGAZINE: Nur gut auszusehen, war mir immer zu wenig\"}]},{\"@type\":\"WebSite\",\"@id\":\"https:\\\/\\\/martina-gleissenebner-teskey.com\\\/#website\",\"url\":\"https:\\\/\\\/martina-gleissenebner-teskey.com\\\/\",\"name\":\"Martina Gleissenebner-Teskey\",\"description\":\"The Personality Entrepreneur\",\"potentialAction\":[{\"@type\":\"SearchAction\",\"target\":{\"@type\":\"EntryPoint\",\"urlTemplate\":\"https:\\\/\\\/martina-gleissenebner-teskey.com\\\/?s={search_term_string}\"},\"query-input\":{\"@type\":\"PropertyValueSpecification\",\"valueRequired\":true,\"valueName\":\"search_term_string\"}}],\"inLanguage\":\"en-US\"},{\"@type\":\"Person\",\"@id\":\"https:\\\/\\\/martina-gleissenebner-teskey.com\\\/#\\\/schema\\\/person\\\/dd24cbe351cc5479e1a1e033917caf90\",\"name\":\"Martina\",\"sameAs\":[\"https:\\\/\\\/martina-gleissenebner-teskey.com\"],\"url\":\"https:\\\/\\\/martina-gleissenebner-teskey.com\\\/en\\\/author\\\/admin\\\/\"}]}<\/script>\n<!-- \/ Yoast SEO Premium plugin. -->","yoast_head_json":{"title":"FRANZMAGAZINE: Just looking good was always too little for me - Martina Gleissenebner-Teskey","description":"An absolutely unembellished interview about my commitment and what I hope to achieve with it. It's not much, but","robots":{"index":"index","follow":"follow","max-snippet":"max-snippet:-1","max-image-preview":"max-image-preview:large","max-video-preview":"max-video-preview:-1"},"canonical":"https:\/\/martina-gleissenebner-teskey.com\/en\/2025\/04\/07\/franzmagazine-just-looking-good-was-always-too-little-for-me\/","og_locale":"en_US","og_type":"article","og_title":"FRANZMAGAZINE: Nur gut auszusehen, war mir immer zu wenig","og_description":"Ein absolut ungesch\u00f6ntes Interview \u00fcber mein Engagement und dar\u00fcber, was ich damit zu erreichen hoffe. Viel ist es nicht, aber","og_url":"https:\/\/martina-gleissenebner-teskey.com\/en\/2025\/04\/07\/franzmagazine-just-looking-good-was-always-too-little-for-me\/","og_site_name":"Martina Gleissenebner-Teskey","article_publisher":"https:\/\/www.facebook.com\/martina.gleissenebnerteskey.training\/","article_published_time":"2025-04-07T15:55:43+00:00","article_modified_time":"2025-04-07T15:57:12+00:00","og_image":[{"width":1262,"height":607,"url":"https:\/\/martina-gleissenebner-teskey.com\/wp-content\/uploads\/2025\/04\/Franzmagazine.png","type":"image\/png"}],"author":"Martina","twitter_card":"summary_large_image","twitter_misc":{"Written by":"Martina","Est. reading time":"2 minutes"},"schema":{"@context":"https:\/\/schema.org","@graph":[{"@type":"Article","@id":"https:\/\/martina-gleissenebner-teskey.com\/2025\/04\/07\/franzmagazine-nur-gut-auszusehen-war-mir-immer-zu-wenig\/#article","isPartOf":{"@id":"https:\/\/martina-gleissenebner-teskey.com\/2025\/04\/07\/franzmagazine-nur-gut-auszusehen-war-mir-immer-zu-wenig\/"},"author":{"name":"Martina","@id":"https:\/\/martina-gleissenebner-teskey.com\/#\/schema\/person\/dd24cbe351cc5479e1a1e033917caf90"},"headline":"FRANZMAGAZINE: Nur gut auszusehen, war mir immer zu wenig","datePublished":"2025-04-07T15:55:43+00:00","dateModified":"2025-04-07T15:57:12+00:00","mainEntityOfPage":{"@id":"https:\/\/martina-gleissenebner-teskey.com\/2025\/04\/07\/franzmagazine-nur-gut-auszusehen-war-mir-immer-zu-wenig\/"},"wordCount":555,"commentCount":0,"image":{"@id":"https:\/\/martina-gleissenebner-teskey.com\/2025\/04\/07\/franzmagazine-nur-gut-auszusehen-war-mir-immer-zu-wenig\/#primaryimage"},"thumbnailUrl":"https:\/\/martina-gleissenebner-teskey.com\/wp-content\/uploads\/2025\/04\/Franzmagazine.png","keywords":["Fashion For Future","Fashion revolution","gesellschaftliches Engagement","Nachhaltigkeit","walk4future"],"articleSection":["Interviews"],"inLanguage":"en-US","potentialAction":[{"@type":"CommentAction","name":"Comment","target":["https:\/\/martina-gleissenebner-teskey.com\/2025\/04\/07\/franzmagazine-nur-gut-auszusehen-war-mir-immer-zu-wenig\/#respond"]}]},{"@type":"WebPage","@id":"https:\/\/martina-gleissenebner-teskey.com\/2025\/04\/07\/franzmagazine-nur-gut-auszusehen-war-mir-immer-zu-wenig\/","url":"https:\/\/martina-gleissenebner-teskey.com\/2025\/04\/07\/franzmagazine-nur-gut-auszusehen-war-mir-immer-zu-wenig\/","name":"FRANZMAGAZINE: Just looking good was always too little for me - Martina Gleissenebner-Teskey","isPartOf":{"@id":"https:\/\/martina-gleissenebner-teskey.com\/#website"},"primaryImageOfPage":{"@id":"https:\/\/martina-gleissenebner-teskey.com\/2025\/04\/07\/franzmagazine-nur-gut-auszusehen-war-mir-immer-zu-wenig\/#primaryimage"},"image":{"@id":"https:\/\/martina-gleissenebner-teskey.com\/2025\/04\/07\/franzmagazine-nur-gut-auszusehen-war-mir-immer-zu-wenig\/#primaryimage"},"thumbnailUrl":"https:\/\/martina-gleissenebner-teskey.com\/wp-content\/uploads\/2025\/04\/Franzmagazine.png","datePublished":"2025-04-07T15:55:43+00:00","dateModified":"2025-04-07T15:57:12+00:00","author":{"@id":"https:\/\/martina-gleissenebner-teskey.com\/#\/schema\/person\/dd24cbe351cc5479e1a1e033917caf90"},"description":"An absolutely unembellished interview about my commitment and what I hope to achieve with it. It's not much, but","breadcrumb":{"@id":"https:\/\/martina-gleissenebner-teskey.com\/2025\/04\/07\/franzmagazine-nur-gut-auszusehen-war-mir-immer-zu-wenig\/#breadcrumb"},"inLanguage":"en-US","potentialAction":[{"@type":"ReadAction","target":["https:\/\/martina-gleissenebner-teskey.com\/2025\/04\/07\/franzmagazine-nur-gut-auszusehen-war-mir-immer-zu-wenig\/"]}]},{"@type":"ImageObject","inLanguage":"en-US","@id":"https:\/\/martina-gleissenebner-teskey.com\/2025\/04\/07\/franzmagazine-nur-gut-auszusehen-war-mir-immer-zu-wenig\/#primaryimage","url":"https:\/\/martina-gleissenebner-teskey.com\/wp-content\/uploads\/2025\/04\/Franzmagazine.png","contentUrl":"https:\/\/martina-gleissenebner-teskey.com\/wp-content\/uploads\/2025\/04\/Franzmagazine.png","width":1262,"height":607},{"@type":"BreadcrumbList","@id":"https:\/\/martina-gleissenebner-teskey.com\/2025\/04\/07\/franzmagazine-nur-gut-auszusehen-war-mir-immer-zu-wenig\/#breadcrumb","itemListElement":[{"@type":"ListItem","position":1,"name":"Startseite","item":"https:\/\/martina-gleissenebner-teskey.com\/"},{"@type":"ListItem","position":2,"name":"FRANZMAGAZINE: Nur gut auszusehen, war mir immer zu wenig"}]},{"@type":"WebSite","@id":"https:\/\/martina-gleissenebner-teskey.com\/#website","url":"https:\/\/martina-gleissenebner-teskey.com\/","name":"Martina Gleissenebner-Teskey","description":"The Personality Entrepreneur","potentialAction":[{"@type":"SearchAction","target":{"@type":"EntryPoint","urlTemplate":"https:\/\/martina-gleissenebner-teskey.com\/?s={search_term_string}"},"query-input":{"@type":"PropertyValueSpecification","valueRequired":true,"valueName":"search_term_string"}}],"inLanguage":"en-US"},{"@type":"Person","@id":"https:\/\/martina-gleissenebner-teskey.com\/#\/schema\/person\/dd24cbe351cc5479e1a1e033917caf90","name":"Martina","sameAs":["https:\/\/martina-gleissenebner-teskey.com"],"url":"https:\/\/martina-gleissenebner-teskey.com\/en\/author\/admin\/"}]}},"_links":{"self":[{"href":"https:\/\/martina-gleissenebner-teskey.com\/en\/wp-json\/wp\/v2\/posts\/9674","targetHints":{"allow":["GET"]}}],"collection":[{"href":"https:\/\/martina-gleissenebner-teskey.com\/en\/wp-json\/wp\/v2\/posts"}],"about":[{"href":"https:\/\/martina-gleissenebner-teskey.com\/en\/wp-json\/wp\/v2\/types\/post"}],"author":[{"embeddable":true,"href":"https:\/\/martina-gleissenebner-teskey.com\/en\/wp-json\/wp\/v2\/users\/1"}],"replies":[{"embeddable":true,"href":"https:\/\/martina-gleissenebner-teskey.com\/en\/wp-json\/wp\/v2\/comments?post=9674"}],"version-history":[{"count":3,"href":"https:\/\/martina-gleissenebner-teskey.com\/en\/wp-json\/wp\/v2\/posts\/9674\/revisions"}],"predecessor-version":[{"id":9678,"href":"https:\/\/martina-gleissenebner-teskey.com\/en\/wp-json\/wp\/v2\/posts\/9674\/revisions\/9678"}],"wp:featuredmedia":[{"embeddable":true,"href":"https:\/\/martina-gleissenebner-teskey.com\/en\/wp-json\/wp\/v2\/media\/9675"}],"wp:attachment":[{"href":"https:\/\/martina-gleissenebner-teskey.com\/en\/wp-json\/wp\/v2\/media?parent=9674"}],"wp:term":[{"taxonomy":"category","embeddable":true,"href":"https:\/\/martina-gleissenebner-teskey.com\/en\/wp-json\/wp\/v2\/categories?post=9674"},{"taxonomy":"post_tag","embeddable":true,"href":"https:\/\/martina-gleissenebner-teskey.com\/en\/wp-json\/wp\/v2\/tags?post=9674"}],"curies":[{"name":"wp","href":"https:\/\/api.w.org\/{rel}","templated":true}]}}