{"id":9652,"date":"2025-04-06T13:12:00","date_gmt":"2025-04-06T11:12:00","guid":{"rendered":"https:\/\/martina-gleissenebner-teskey.com\/?p=9652"},"modified":"2025-04-06T13:29:05","modified_gmt":"2025-04-06T11:29:05","slug":"with-estee-lauder-and-paulina-porizkova-in-paris","status":"publish","type":"post","link":"https:\/\/martina-gleissenebner-teskey.com\/en\/2025\/04\/06\/mit-estee-lauder-und-paulina-porizkova-in-paris\/","title":{"rendered":"With Est\u00e9e Lauder and Paulina Porizkova in Paris"},"content":{"rendered":"<div id=\"fws_69f1dbcb2f05d\"  data-column-margin=\"default\" data-midnight=\"dark\"  class=\"wpb_row vc_row-fluid vc_row\"  style=\"padding-top: 0px; padding-bottom: 0px; \"><div class=\"row-bg-wrap\" data-bg-animation=\"none\" data-bg-animation-delay=\"\" data-bg-overlay=\"false\"><div class=\"inner-wrap row-bg-layer\" ><div class=\"row-bg viewport-desktop\"  style=\"\"><\/div><\/div><\/div><div class=\"row_col_wrap_12 col span_12 dark left\">\n\t<div  class=\"vc_col-sm-12 wpb_column column_container vc_column_container col no-extra-padding inherit_tablet inherit_phone\"  data-padding-pos=\"all\" data-has-bg-color=\"false\" data-bg-color=\"\" data-bg-opacity=\"1\" data-animation=\"\" data-delay=\"0\" >\n\t\t<div class=\"vc_column-inner\" >\n\t\t\t<div class=\"wpb_wrapper\">\n\t\t\t\t<div id=\"fws_69f1dbcb2fbbb\" data-midnight=\"\" data-column-margin=\"default\" class=\"wpb_row vc_row-fluid vc_row inner_row vc_row-o-equal-height vc_row-flex vc_row-o-content-top\"  style=\"\"><div class=\"row-bg-wrap\"> <div class=\"row-bg\" ><\/div> <\/div><div class=\"row_col_wrap_12_inner col span_12  left\">\n\t<div  class=\"vc_col-sm-6 wpb_column column_container vc_column_container col child_column no-extra-padding inherit_tablet inherit_phone\"   data-padding-pos=\"all\" data-has-bg-color=\"false\" data-bg-color=\"\" data-bg-opacity=\"1\" data-animation=\"\" data-delay=\"0\" >\n\t\t<div class=\"vc_column-inner\" >\n\t\t<div class=\"wpb_wrapper\">\n\t\t\t<div class=\"img-with-aniamtion-wrap center\" data-max-width=\"100%\" data-max-width-mobile=\"default\" data-shadow=\"none\" data-animation=\"none\" >\n      <div class=\"inner\">\n        <div class=\"hover-wrap\"> \n          <div class=\"hover-wrap-inner\">\n            <a href=\"https:\/\/www.instagram.com\/reel\/DIGIbwetnW6\/?igsh=MWpkczgybWhlZzVzaA==\" target=\"_blank\" class=\"center\">\n              <img loading=\"lazy\" decoding=\"async\" class=\"img-with-animation skip-lazy\" data-delay=\"0\" height=\"683\" width=\"1024\" data-animation=\"none\" src=\"https:\/\/martina-gleissenebner-teskey.com\/wp-content\/uploads\/2025\/04\/EL_PARIS_DAY2_CHAT-96.jpg\" alt=\"Denise Boomkens, Petra van Bremen, Antje Maranca, Tooske Ragas, British Vogue beauty boss Jess and Martina Gleissenebner-Teskey at an Est\u00e9e Lauder event in Paris\" srcset=\"https:\/\/martina-gleissenebner-teskey.com\/wp-content\/uploads\/2025\/04\/EL_PARIS_DAY2_CHAT-96.jpg 1024w, https:\/\/martina-gleissenebner-teskey.com\/wp-content\/uploads\/2025\/04\/EL_PARIS_DAY2_CHAT-96-300x200.jpg 300w, https:\/\/martina-gleissenebner-teskey.com\/wp-content\/uploads\/2025\/04\/EL_PARIS_DAY2_CHAT-96-768x512.jpg 768w, https:\/\/martina-gleissenebner-teskey.com\/wp-content\/uploads\/2025\/04\/EL_PARIS_DAY2_CHAT-96-18x12.jpg 18w, https:\/\/martina-gleissenebner-teskey.com\/wp-content\/uploads\/2025\/04\/EL_PARIS_DAY2_CHAT-96-900x600.jpg 900w, https:\/\/martina-gleissenebner-teskey.com\/wp-content\/uploads\/2025\/04\/EL_PARIS_DAY2_CHAT-96-675x450.jpg 675w\" sizes=\"auto, (max-width: 1024px) 100vw, 1024px\" \/>\n            <\/a>\n          <\/div>\n        <\/div>\n      <\/div>\n      <\/div>\n<div class=\"wpb_text_column wpb_content_element\" >\n\t<div class=\"wpb_wrapper\">\n\t\t<p>Denise Boomkens, Petra van Bremen, Antje Maranca, Tooske Ragas, British Vogue beauty boss Jess and Martina Gleissenebner-Teskey at an Est\u00e9e Lauder event in Paris<\/p>\n\t<\/div>\n<\/div>\n\n\n\n\n\t\t<\/div> \n\t<\/div>\n\t<\/div> \n\n\t<div  class=\"vc_col-sm-6 wpb_column column_container vc_column_container col child_column no-extra-padding inherit_tablet inherit_phone\"   data-padding-pos=\"all\" data-has-bg-color=\"false\" data-bg-color=\"\" data-bg-opacity=\"1\" data-animation=\"\" data-delay=\"0\" >\n\t\t<div class=\"vc_column-inner\" >\n\t\t<div class=\"wpb_wrapper\">\n\t\t\t<div class=\"img-with-aniamtion-wrap center\" data-max-width=\"100%\" data-max-width-mobile=\"default\" data-shadow=\"none\" data-animation=\"none\" >\n      <div class=\"inner\">\n        <div class=\"hover-wrap\"> \n          <div class=\"hover-wrap-inner\">\n            <a href=\"https:\/\/www.instagram.com\/reel\/DIGIbwetnW6\/?igsh=MWpkczgybWhlZzVzaA==\" target=\"_blank\" class=\"center\">\n              <img loading=\"lazy\" decoding=\"async\" class=\"img-with-animation skip-lazy\" data-delay=\"0\" height=\"1707\" width=\"2560\" data-animation=\"none\" src=\"https:\/\/martina-gleissenebner-teskey.com\/wp-content\/uploads\/2025\/04\/20250402_184459966_quer-1-scaled.jpg\" alt=\"Martina Gleissenebner-Teskey with Paulina Porizkova\" srcset=\"https:\/\/martina-gleissenebner-teskey.com\/wp-content\/uploads\/2025\/04\/20250402_184459966_quer-1-scaled.jpg 2560w, https:\/\/martina-gleissenebner-teskey.com\/wp-content\/uploads\/2025\/04\/20250402_184459966_quer-1-300x200.jpg 300w, https:\/\/martina-gleissenebner-teskey.com\/wp-content\/uploads\/2025\/04\/20250402_184459966_quer-1-768x512.jpg 768w, https:\/\/martina-gleissenebner-teskey.com\/wp-content\/uploads\/2025\/04\/20250402_184459966_quer-1-1536x1024.jpg 1536w, https:\/\/martina-gleissenebner-teskey.com\/wp-content\/uploads\/2025\/04\/20250402_184459966_quer-1-2048x1365.jpg 2048w, https:\/\/martina-gleissenebner-teskey.com\/wp-content\/uploads\/2025\/04\/20250402_184459966_quer-1-18x12.jpg 18w, https:\/\/martina-gleissenebner-teskey.com\/wp-content\/uploads\/2025\/04\/20250402_184459966_quer-1-900x600.jpg 900w, https:\/\/martina-gleissenebner-teskey.com\/wp-content\/uploads\/2025\/04\/20250402_184459966_quer-1-675x450.jpg 675w\" sizes=\"auto, (max-width: 2560px) 100vw, 2560px\" \/>\n            <\/a>\n          <\/div>\n        <\/div>\n      <\/div>\n      <\/div>\n<div class=\"wpb_text_column wpb_content_element\" >\n\t<div class=\"wpb_wrapper\">\n\t\t<p>Martina Gleissenebner-Teskey with Paulina Porizkova, Baronne, Paris<\/p>\n\t<\/div>\n<\/div>\n\n\n\n\n\t\t<\/div> \n\t<\/div>\n\t<\/div> \n<\/div><\/div><div class=\"divider-wrap\" data-alignment=\"default\"><div style=\"height: 25px;\" class=\"divider\"><\/div><\/div>\n<div class=\"wpb_text_column wpb_content_element\" >\n\t<div class=\"wpb_wrapper\">\n\t\t<p>At the invitation of Est\u00e9e Lauder Germany, I kicked off April with a wonderful event in Paris. To mark the return of supermodel Paulina Porizkova as the face of the brand and her upcoming 60th birthday, there was a sumptuous gala dinner, followed the next day by an inspiring exchange with the birthday girl and Aerin Lauder.<\/p>\n<p>The participants came from all over Europe - businesswomen and the most successful best ager models that many of us know from advertising and magazines.<\/p>\n<blockquote>\n<h3>A very empowering experience and, for me, a conscious decision for luxury that is not an everyday occurrence.<\/h3>\n<\/blockquote>\n\t<\/div>\n<\/div>\n\n\n\n<div class=\"divider-wrap\" data-alignment=\"default\"><div style=\"height: 25px;\" class=\"divider\"><\/div><\/div>\n\t<div class=\"wpb_gallery wpb_content_element clearfix\">\n\t\t<div class=\"wpb_wrapper\"><div class=\"wpb_gallery_slidesimage_grid\" data-onclick=\"link_image\" data-interval=\"5\">\n\n\t<div class=\"portfolio-wrap\">\n\n\t\t\t<span class=\"portfolio-loading\"><\/span>\n\n\t\t\t<div class=\"row portfolio-items masonry-items\" data-starting-filter=\"\" data-gutter=\"default\" data-masonry-type=\"photography\" data-bypass-cropping=\"true\"  data-ps=\"7\" data-loading=\"default\" data-categories-to-show=\"\" data-col-num=\"cols-4\">\n\n\n\n\t\n\t\t\t\t\t\t\t<div class=\"col span_3 regular element\" data-project-cat=\"\" data-default-color=\"true\" data-title-color=\"\" data-subtitle-color=\"\">\n\n\t\t\t\t\t\t\t<div class=\"inner-wrap animated\" data-animation=\"none\">\n\n\t\t\t\t\t\t\t\n\t\t\t\t\t\t\t<div class=\"work-item style-2\">\n\n\t\t\t\t\t\t\t\t<img loading=\"lazy\" decoding=\"async\" width=\"1024\" height=\"1536\" src=\"https:\/\/martina-gleissenebner-teskey.com\/wp-content\/uploads\/2025\/04\/EL_PARIS_DAY1_CHAT-10.jpg\" class=\"skip-lazy top-level-image attachment-large\" alt=\"The book by Paulina Porizkova, &quot;No Filter&quot;, and the new book by Aerin Lauder, &quot;Living with Flowers&quot;\" title=\"EL_PARIS_DAY1_CHAT-10\" srcset=\"https:\/\/martina-gleissenebner-teskey.com\/wp-content\/uploads\/2025\/04\/EL_PARIS_DAY1_CHAT-10.jpg 1024w, https:\/\/martina-gleissenebner-teskey.com\/wp-content\/uploads\/2025\/04\/EL_PARIS_DAY1_CHAT-10-200x300.jpg 200w, https:\/\/martina-gleissenebner-teskey.com\/wp-content\/uploads\/2025\/04\/EL_PARIS_DAY1_CHAT-10-768x1152.jpg 768w, https:\/\/martina-gleissenebner-teskey.com\/wp-content\/uploads\/2025\/04\/EL_PARIS_DAY1_CHAT-10-8x12.jpg 8w\" sizes=\"auto, (max-width: 1024px) 100vw, 1024px\" \/>\n\t\t\t\t\t\t\t\t<div class=\"work-info-bg\"><\/div>\n\t\t\t\t\t\t\t\t<div class=\"work-info\">\n\n\n\t\t\t\t\t\t\t\t\t\t\t\t\t\t\t\t\t   \t\t\t <a href=\"https:\/\/martina-gleissenebner-teskey.com\/wp-content\/uploads\/2025\/04\/EL_PARIS_DAY1_CHAT-10.jpg\" class=\"pretty_photo\"><\/a>\n\t\t\t\t\t\t\t\t   \t\t\n\t\t\t\t\t\t\t\t\t\t<div class=\"vert-center\">\n\t\t\t\t\t\t\t\t\t\t\t\t\t\t\t\t\t\t\t\t\t<\/div><!--\/vert-center-->\n\n\t\t\t\t\t\t\t\t\t\n\n\t\t\t\t\t\t\t\t<\/div>\n\t\t\t\t\t\t\t<\/div><!--work-item-->\n\n\t\t\t\t\t\t\n\n\t\t\t\t\t\t<\/div><\/div> \n\t\t\t\t\t\t\n\t\t\t\t\t\t\t<div class=\"col span_3 regular element\" data-project-cat=\"\" data-default-color=\"true\" data-title-color=\"\" data-subtitle-color=\"\">\n\n\t\t\t\t\t\t\t<div class=\"inner-wrap animated\" data-animation=\"none\">\n\n\t\t\t\t\t\t\t\n\t\t\t\t\t\t\t<div class=\"work-item style-2\">\n\n\t\t\t\t\t\t\t\t<img loading=\"lazy\" decoding=\"async\" width=\"1024\" height=\"1536\" src=\"https:\/\/martina-gleissenebner-teskey.com\/wp-content\/uploads\/2025\/04\/EL_PARIS_DAY1_CHAT-5.jpg\" class=\"skip-lazy top-level-image attachment-large\" alt=\"the Est\u00e9e Lauder campaign photo with Paulina Porizkova\" title=\"EL_PARIS_DAY1_CHAT-5\" srcset=\"https:\/\/martina-gleissenebner-teskey.com\/wp-content\/uploads\/2025\/04\/EL_PARIS_DAY1_CHAT-5.jpg 1024w, https:\/\/martina-gleissenebner-teskey.com\/wp-content\/uploads\/2025\/04\/EL_PARIS_DAY1_CHAT-5-200x300.jpg 200w, https:\/\/martina-gleissenebner-teskey.com\/wp-content\/uploads\/2025\/04\/EL_PARIS_DAY1_CHAT-5-768x1152.jpg 768w, https:\/\/martina-gleissenebner-teskey.com\/wp-content\/uploads\/2025\/04\/EL_PARIS_DAY1_CHAT-5-8x12.jpg 8w\" sizes=\"auto, (max-width: 1024px) 100vw, 1024px\" \/>\n\t\t\t\t\t\t\t\t<div class=\"work-info-bg\"><\/div>\n\t\t\t\t\t\t\t\t<div class=\"work-info\">\n\n\n\t\t\t\t\t\t\t\t\t\t\t\t\t\t\t\t\t   \t\t\t <a href=\"https:\/\/martina-gleissenebner-teskey.com\/wp-content\/uploads\/2025\/04\/EL_PARIS_DAY1_CHAT-5.jpg\" class=\"pretty_photo\"><\/a>\n\t\t\t\t\t\t\t\t   \t\t\n\t\t\t\t\t\t\t\t\t\t<div class=\"vert-center\">\n\t\t\t\t\t\t\t\t\t\t\t\t\t\t\t\t\t\t\t\t\t<\/div><!--\/vert-center-->\n\n\t\t\t\t\t\t\t\t\t\n\n\t\t\t\t\t\t\t\t<\/div>\n\t\t\t\t\t\t\t<\/div><!--work-item-->\n\n\t\t\t\t\t\t\n\n\t\t\t\t\t\t<\/div><\/div> \n\t\t\t\t\t\t\n\t\t\t\t\t\t\t<div class=\"col span_3 regular element\" data-project-cat=\"\" data-default-color=\"true\" data-title-color=\"\" data-subtitle-color=\"\">\n\n\t\t\t\t\t\t\t<div class=\"inner-wrap animated\" data-animation=\"none\">\n\n\t\t\t\t\t\t\t\n\t\t\t\t\t\t\t<div class=\"work-item style-2\">\n\n\t\t\t\t\t\t\t\t<img loading=\"lazy\" decoding=\"async\" width=\"1024\" height=\"1536\" src=\"https:\/\/martina-gleissenebner-teskey.com\/wp-content\/uploads\/2025\/04\/EL_PARIS_DAY1_CHAT-9.jpg\" class=\"skip-lazy top-level-image attachment-large\" alt=\"A framed campaign photo of Paulina Porizkova from the 80s\/90s, next to it a vase with beautiful flowers and products from Est\u00e9e Lauder Cosmetics\" title=\"EL_PARIS_DAY1_CHAT-9\" srcset=\"https:\/\/martina-gleissenebner-teskey.com\/wp-content\/uploads\/2025\/04\/EL_PARIS_DAY1_CHAT-9.jpg 1024w, https:\/\/martina-gleissenebner-teskey.com\/wp-content\/uploads\/2025\/04\/EL_PARIS_DAY1_CHAT-9-200x300.jpg 200w, https:\/\/martina-gleissenebner-teskey.com\/wp-content\/uploads\/2025\/04\/EL_PARIS_DAY1_CHAT-9-768x1152.jpg 768w, https:\/\/martina-gleissenebner-teskey.com\/wp-content\/uploads\/2025\/04\/EL_PARIS_DAY1_CHAT-9-8x12.jpg 8w\" sizes=\"auto, (max-width: 1024px) 100vw, 1024px\" \/>\n\t\t\t\t\t\t\t\t<div class=\"work-info-bg\"><\/div>\n\t\t\t\t\t\t\t\t<div class=\"work-info\">\n\n\n\t\t\t\t\t\t\t\t\t\t\t\t\t\t\t\t\t   \t\t\t <a href=\"https:\/\/martina-gleissenebner-teskey.com\/wp-content\/uploads\/2025\/04\/EL_PARIS_DAY1_CHAT-9.jpg\" class=\"pretty_photo\"><\/a>\n\t\t\t\t\t\t\t\t   \t\t\n\t\t\t\t\t\t\t\t\t\t<div class=\"vert-center\">\n\t\t\t\t\t\t\t\t\t\t\t\t\t\t\t\t\t\t\t\t\t<\/div><!--\/vert-center-->\n\n\t\t\t\t\t\t\t\t\t\n\n\t\t\t\t\t\t\t\t<\/div>\n\t\t\t\t\t\t\t<\/div><!--work-item-->\n\n\t\t\t\t\t\t\n\n\t\t\t\t\t\t<\/div><\/div> \n\t\t\t\t\t\t\n\t\t\t\t\t\t\t<div class=\"col span_3 regular element\" data-project-cat=\"\" data-default-color=\"true\" data-title-color=\"\" data-subtitle-color=\"\">\n\n\t\t\t\t\t\t\t<div class=\"inner-wrap animated\" data-animation=\"none\">\n\n\t\t\t\t\t\t\t\n\t\t\t\t\t\t\t<div class=\"work-item style-2\">\n\n\t\t\t\t\t\t\t\t<img loading=\"lazy\" decoding=\"async\" width=\"1024\" height=\"1536\" src=\"https:\/\/martina-gleissenebner-teskey.com\/wp-content\/uploads\/2025\/04\/EL_PARIS_DAY1_CHAT-11.jpg\" class=\"skip-lazy top-level-image attachment-large\" alt=\"The book by Aerin Lauder, &quot;Entertaining Beautifully&quot;, on a table decorated with flowers and two products from Est\u00e9e Lauder Cosmetics\" title=\"EL_PARIS_DAY1_CHAT-11\" srcset=\"https:\/\/martina-gleissenebner-teskey.com\/wp-content\/uploads\/2025\/04\/EL_PARIS_DAY1_CHAT-11.jpg 1024w, https:\/\/martina-gleissenebner-teskey.com\/wp-content\/uploads\/2025\/04\/EL_PARIS_DAY1_CHAT-11-200x300.jpg 200w, https:\/\/martina-gleissenebner-teskey.com\/wp-content\/uploads\/2025\/04\/EL_PARIS_DAY1_CHAT-11-768x1152.jpg 768w, https:\/\/martina-gleissenebner-teskey.com\/wp-content\/uploads\/2025\/04\/EL_PARIS_DAY1_CHAT-11-8x12.jpg 8w\" sizes=\"auto, (max-width: 1024px) 100vw, 1024px\" \/>\n\t\t\t\t\t\t\t\t<div class=\"work-info-bg\"><\/div>\n\t\t\t\t\t\t\t\t<div class=\"work-info\">\n\n\n\t\t\t\t\t\t\t\t\t\t\t\t\t\t\t\t\t   \t\t\t <a href=\"https:\/\/martina-gleissenebner-teskey.com\/wp-content\/uploads\/2025\/04\/EL_PARIS_DAY1_CHAT-11.jpg\" class=\"pretty_photo\"><\/a>\n\t\t\t\t\t\t\t\t   \t\t\n\t\t\t\t\t\t\t\t\t\t<div class=\"vert-center\">\n\t\t\t\t\t\t\t\t\t\t\t\t\t\t\t\t\t\t\t\t\t<\/div><!--\/vert-center-->\n\n\t\t\t\t\t\t\t\t\t\n\n\t\t\t\t\t\t\t\t<\/div>\n\t\t\t\t\t\t\t<\/div><!--work-item-->\n\n\t\t\t\t\t\t\n\n\t\t\t\t\t\t<\/div><\/div> \n\t\t\t\t\t\t\n\t\t\t\t\t\t\t<div class=\"col span_3 regular element\" data-project-cat=\"\" data-default-color=\"true\" data-title-color=\"\" data-subtitle-color=\"\">\n\n\t\t\t\t\t\t\t<div class=\"inner-wrap animated\" data-animation=\"none\">\n\n\t\t\t\t\t\t\t\n\t\t\t\t\t\t\t<div class=\"work-item style-2\">\n\n\t\t\t\t\t\t\t\t<img loading=\"lazy\" decoding=\"async\" width=\"1024\" height=\"1536\" src=\"https:\/\/martina-gleissenebner-teskey.com\/wp-content\/uploads\/2025\/04\/EL_PARIS_DAY1_PP60-44.jpg\" class=\"skip-lazy top-level-image attachment-large\" alt=\"Flower arrangements at the Baronne, Paris\" title=\"EL_PARIS_DAY1_PP60-44\" srcset=\"https:\/\/martina-gleissenebner-teskey.com\/wp-content\/uploads\/2025\/04\/EL_PARIS_DAY1_PP60-44.jpg 1024w, https:\/\/martina-gleissenebner-teskey.com\/wp-content\/uploads\/2025\/04\/EL_PARIS_DAY1_PP60-44-200x300.jpg 200w, https:\/\/martina-gleissenebner-teskey.com\/wp-content\/uploads\/2025\/04\/EL_PARIS_DAY1_PP60-44-768x1152.jpg 768w, https:\/\/martina-gleissenebner-teskey.com\/wp-content\/uploads\/2025\/04\/EL_PARIS_DAY1_PP60-44-8x12.jpg 8w\" sizes=\"auto, (max-width: 1024px) 100vw, 1024px\" \/>\n\t\t\t\t\t\t\t\t<div class=\"work-info-bg\"><\/div>\n\t\t\t\t\t\t\t\t<div class=\"work-info\">\n\n\n\t\t\t\t\t\t\t\t\t\t\t\t\t\t\t\t\t   \t\t\t <a href=\"https:\/\/martina-gleissenebner-teskey.com\/wp-content\/uploads\/2025\/04\/EL_PARIS_DAY1_PP60-44.jpg\" class=\"pretty_photo\"><\/a>\n\t\t\t\t\t\t\t\t   \t\t\n\t\t\t\t\t\t\t\t\t\t<div class=\"vert-center\">\n\t\t\t\t\t\t\t\t\t\t\t\t\t\t\t\t\t\t\t\t\t<\/div><!--\/vert-center-->\n\n\t\t\t\t\t\t\t\t\t\n\n\t\t\t\t\t\t\t\t<\/div>\n\t\t\t\t\t\t\t<\/div><!--work-item-->\n\n\t\t\t\t\t\t\n\n\t\t\t\t\t\t<\/div><\/div> \n\t\t\t\t\t\t\n\t\t\t\t\t\t\t<div class=\"col span_3 regular element\" data-project-cat=\"\" data-default-color=\"true\" data-title-color=\"\" data-subtitle-color=\"\">\n\n\t\t\t\t\t\t\t<div class=\"inner-wrap animated\" data-animation=\"none\">\n\n\t\t\t\t\t\t\t\n\t\t\t\t\t\t\t<div class=\"work-item style-2\">\n\n\t\t\t\t\t\t\t\t<img loading=\"lazy\" decoding=\"async\" width=\"1024\" height=\"1536\" src=\"https:\/\/martina-gleissenebner-teskey.com\/wp-content\/uploads\/2025\/04\/EL_PARIS_DAY1_PP60-53.jpg\" class=\"skip-lazy top-level-image attachment-large\" alt=\"Petra van Bremen, Simone Jacob, Martina Gleissenebner-Teskey and Paulina Porizkova at the Baronne restaurant in Paris\" title=\"EL_PARIS_DAY1_PP60-53\" srcset=\"https:\/\/martina-gleissenebner-teskey.com\/wp-content\/uploads\/2025\/04\/EL_PARIS_DAY1_PP60-53.jpg 1024w, https:\/\/martina-gleissenebner-teskey.com\/wp-content\/uploads\/2025\/04\/EL_PARIS_DAY1_PP60-53-200x300.jpg 200w, https:\/\/martina-gleissenebner-teskey.com\/wp-content\/uploads\/2025\/04\/EL_PARIS_DAY1_PP60-53-768x1152.jpg 768w, https:\/\/martina-gleissenebner-teskey.com\/wp-content\/uploads\/2025\/04\/EL_PARIS_DAY1_PP60-53-8x12.jpg 8w\" sizes=\"auto, (max-width: 1024px) 100vw, 1024px\" \/>\n\t\t\t\t\t\t\t\t<div class=\"work-info-bg\"><\/div>\n\t\t\t\t\t\t\t\t<div class=\"work-info\">\n\n\n\t\t\t\t\t\t\t\t\t\t\t\t\t\t\t\t\t   \t\t\t <a href=\"https:\/\/martina-gleissenebner-teskey.com\/wp-content\/uploads\/2025\/04\/EL_PARIS_DAY1_PP60-53.jpg\" class=\"pretty_photo\"><\/a>\n\t\t\t\t\t\t\t\t   \t\t\n\t\t\t\t\t\t\t\t\t\t<div class=\"vert-center\">\n\t\t\t\t\t\t\t\t\t\t\t\t\t\t\t\t\t\t\t\t\t<\/div><!--\/vert-center-->\n\n\t\t\t\t\t\t\t\t\t\n\n\t\t\t\t\t\t\t\t<\/div>\n\t\t\t\t\t\t\t<\/div><!--work-item-->\n\n\t\t\t\t\t\t\n\n\t\t\t\t\t\t<\/div><\/div> \n\t\t\t\t\t\t\n\t\t\t\t\t\t\t<div class=\"col span_3 regular element\" data-project-cat=\"\" data-default-color=\"true\" data-title-color=\"\" data-subtitle-color=\"\">\n\n\t\t\t\t\t\t\t<div class=\"inner-wrap animated\" data-animation=\"none\">\n\n\t\t\t\t\t\t\t\n\t\t\t\t\t\t\t<div class=\"work-item style-2\">\n\n\t\t\t\t\t\t\t\t<img loading=\"lazy\" decoding=\"async\" width=\"1024\" height=\"1536\" src=\"https:\/\/martina-gleissenebner-teskey.com\/wp-content\/uploads\/2025\/04\/EL_PARIS_DAY2_CHAT-22.jpg\" class=\"skip-lazy top-level-image attachment-large\" alt=\"Martina Gleissenebner-Teskey at an Est\u00e9e Lauder beauty event in Paris\" title=\"EL_PARIS_DAY2_CHAT-22\" srcset=\"https:\/\/martina-gleissenebner-teskey.com\/wp-content\/uploads\/2025\/04\/EL_PARIS_DAY2_CHAT-22.jpg 1024w, https:\/\/martina-gleissenebner-teskey.com\/wp-content\/uploads\/2025\/04\/EL_PARIS_DAY2_CHAT-22-200x300.jpg 200w, https:\/\/martina-gleissenebner-teskey.com\/wp-content\/uploads\/2025\/04\/EL_PARIS_DAY2_CHAT-22-768x1152.jpg 768w, https:\/\/martina-gleissenebner-teskey.com\/wp-content\/uploads\/2025\/04\/EL_PARIS_DAY2_CHAT-22-8x12.jpg 8w\" sizes=\"auto, (max-width: 1024px) 100vw, 1024px\" \/>\n\t\t\t\t\t\t\t\t<div class=\"work-info-bg\"><\/div>\n\t\t\t\t\t\t\t\t<div class=\"work-info\">\n\n\n\t\t\t\t\t\t\t\t\t\t\t\t\t\t\t\t\t   \t\t\t <a href=\"https:\/\/martina-gleissenebner-teskey.com\/wp-content\/uploads\/2025\/04\/EL_PARIS_DAY2_CHAT-22.jpg\" class=\"pretty_photo\"><\/a>\n\t\t\t\t\t\t\t\t   \t\t\n\t\t\t\t\t\t\t\t\t\t<div class=\"vert-center\">\n\t\t\t\t\t\t\t\t\t\t\t\t\t\t\t\t\t\t\t\t\t<\/div><!--\/vert-center-->\n\n\t\t\t\t\t\t\t\t\t\n\n\t\t\t\t\t\t\t\t<\/div>\n\t\t\t\t\t\t\t<\/div><!--work-item-->\n\n\t\t\t\t\t\t\n\n\t\t\t\t\t\t<\/div><\/div> \n\t\t\t\t\t\t\n\t\t\t\t\t\t\t<div class=\"col span_3 regular element\" data-project-cat=\"\" data-default-color=\"true\" data-title-color=\"\" data-subtitle-color=\"\">\n\n\t\t\t\t\t\t\t<div class=\"inner-wrap animated\" data-animation=\"none\">\n\n\t\t\t\t\t\t\t\n\t\t\t\t\t\t\t<div class=\"work-item style-2\">\n\n\t\t\t\t\t\t\t\t<img loading=\"lazy\" decoding=\"async\" width=\"1024\" height=\"1536\" src=\"https:\/\/martina-gleissenebner-teskey.com\/wp-content\/uploads\/2025\/04\/EL_PARIS_DAY2_CHAT-76.jpg\" class=\"skip-lazy top-level-image attachment-large\" alt=\"Petra van Bremen, Pino Montesdeoca, Martina Gleissenebner-Teskey and Tooske Ragas at an Est\u00e9e Lauder beauty event in Paris\" title=\"EL_PARIS_DAY2_CHAT-76\" srcset=\"https:\/\/martina-gleissenebner-teskey.com\/wp-content\/uploads\/2025\/04\/EL_PARIS_DAY2_CHAT-76.jpg 1024w, https:\/\/martina-gleissenebner-teskey.com\/wp-content\/uploads\/2025\/04\/EL_PARIS_DAY2_CHAT-76-200x300.jpg 200w, https:\/\/martina-gleissenebner-teskey.com\/wp-content\/uploads\/2025\/04\/EL_PARIS_DAY2_CHAT-76-768x1152.jpg 768w, https:\/\/martina-gleissenebner-teskey.com\/wp-content\/uploads\/2025\/04\/EL_PARIS_DAY2_CHAT-76-8x12.jpg 8w\" sizes=\"auto, (max-width: 1024px) 100vw, 1024px\" \/>\n\t\t\t\t\t\t\t\t<div class=\"work-info-bg\"><\/div>\n\t\t\t\t\t\t\t\t<div class=\"work-info\">\n\n\n\t\t\t\t\t\t\t\t\t\t\t\t\t\t\t\t\t   \t\t\t <a href=\"https:\/\/martina-gleissenebner-teskey.com\/wp-content\/uploads\/2025\/04\/EL_PARIS_DAY2_CHAT-76.jpg\" class=\"pretty_photo\"><\/a>\n\t\t\t\t\t\t\t\t   \t\t\n\t\t\t\t\t\t\t\t\t\t<div class=\"vert-center\">\n\t\t\t\t\t\t\t\t\t\t\t\t\t\t\t\t\t\t\t\t\t<\/div><!--\/vert-center-->\n\n\t\t\t\t\t\t\t\t\t\n\n\t\t\t\t\t\t\t\t<\/div>\n\t\t\t\t\t\t\t<\/div><!--work-item-->\n\n\t\t\t\t\t\t\n\n\t\t\t\t\t\t<\/div><\/div> \n\t\t\t\t\t\t\n\t\t\t\t\t\t\t<div class=\"col span_3 regular element\" data-project-cat=\"\" data-default-color=\"true\" data-title-color=\"\" data-subtitle-color=\"\">\n\n\t\t\t\t\t\t\t<div class=\"inner-wrap animated\" data-animation=\"none\">\n\n\t\t\t\t\t\t\t\n\t\t\t\t\t\t\t<div class=\"work-item style-2\">\n\n\t\t\t\t\t\t\t\t<img loading=\"lazy\" decoding=\"async\" width=\"1024\" height=\"1536\" src=\"https:\/\/martina-gleissenebner-teskey.com\/wp-content\/uploads\/2025\/04\/EL_PARIS_DAY2_CHAT-95.jpg\" class=\"skip-lazy attachment-large\" alt=\"Six women from all over Europe at an Est\u00e9e Lauder beauty event in Paris\" title=\"EL_PARIS_DAY2_CHAT-95\" srcset=\"https:\/\/martina-gleissenebner-teskey.com\/wp-content\/uploads\/2025\/04\/EL_PARIS_DAY2_CHAT-95.jpg 1024w, https:\/\/martina-gleissenebner-teskey.com\/wp-content\/uploads\/2025\/04\/EL_PARIS_DAY2_CHAT-95-200x300.jpg 200w, https:\/\/martina-gleissenebner-teskey.com\/wp-content\/uploads\/2025\/04\/EL_PARIS_DAY2_CHAT-95-768x1152.jpg 768w, https:\/\/martina-gleissenebner-teskey.com\/wp-content\/uploads\/2025\/04\/EL_PARIS_DAY2_CHAT-95-8x12.jpg 8w\" sizes=\"auto, (max-width: 1024px) 100vw, 1024px\" \/>\n\t\t\t\t\t\t\t\t<div class=\"work-info-bg\"><\/div>\n\t\t\t\t\t\t\t\t<div class=\"work-info\">\n\n\n\t\t\t\t\t\t\t\t\t\t\t\t\t\t\t\t\t   \t\t\t <a href=\"https:\/\/martina-gleissenebner-teskey.com\/wp-content\/uploads\/2025\/04\/EL_PARIS_DAY2_CHAT-95.jpg\" class=\"pretty_photo\"><\/a>\n\t\t\t\t\t\t\t\t   \t\t\n\t\t\t\t\t\t\t\t\t\t<div class=\"vert-center\">\n\t\t\t\t\t\t\t\t\t\t\t\t\t\t\t\t\t\t\t\t\t<\/div><!--\/vert-center-->\n\n\t\t\t\t\t\t\t\t\t\n\n\t\t\t\t\t\t\t\t<\/div>\n\t\t\t\t\t\t\t<\/div><!--work-item-->\n\n\t\t\t\t\t\t\n\n\t\t\t\t\t\t<\/div><\/div> \n\t\t\t\t\t\t<\/div><\/div><\/div>\n\t\t<\/div> \n\t<\/div> \n\t\t\t<\/div> \n\t\t<\/div>\n\t<\/div> \n<\/div><\/div>","protected":false},"excerpt":{"rendered":"Denise Boomkens, Petra van Bremen, Antje Maranca, Tooske Ragas, British Vogue- Beauty Chefin Jess und Martina Gleissenebner-Teskey bei einem Event von Est\u00e9e Lauder in Paris Martina Gleissenebner-Teskey mit Paulina Porizkova,...","protected":false},"author":1,"featured_media":9655,"comment_status":"open","ping_status":"open","sticky":false,"template":"","format":"standard","meta":{"footnotes":""},"categories":[30],"tags":[34,33,32,31,26],"class_list":{"0":"post-9652","1":"post","2":"type-post","3":"status-publish","4":"format-standard","5":"has-post-thumbnail","7":"category-internationale-events","8":"tag-estee-lauder","9":"tag-internationale-events","10":"tag-luxus","11":"tag-modeling","12":"tag-schoenheit"},"yoast_head":"<!-- This site is optimized with the Yoast SEO Premium plugin v26.7 (Yoast SEO v27.5) - https:\/\/yoast.com\/product\/yoast-seo-premium-wordpress\/ -->\n<title>Mit Est\u00e9e Lauder und Paulina Porizkova in Paris - Martina Gleissenebner-Teskey<\/title>\n<meta name=\"description\" content=\"Anfang April reiste ich auf Einladung von Est\u00e9e Lauder Deutschland nach Paris, um dort die R\u00fcckkehr von Supermodel Paulina Porizkova\" \/>\n<meta name=\"robots\" content=\"index, follow, max-snippet:-1, max-image-preview:large, max-video-preview:-1\" \/>\n<link rel=\"canonical\" href=\"https:\/\/martina-gleissenebner-teskey.com\/en\/2025\/04\/06\/with-estee-lauder-and-paulina-porizkova-in-paris\/\" \/>\n<meta property=\"og:locale\" content=\"en_US\" \/>\n<meta property=\"og:type\" content=\"article\" \/>\n<meta property=\"og:title\" content=\"Mit Est\u00e9e Lauder und Paulina Porizkova in Paris\" \/>\n<meta property=\"og:description\" content=\"Anfang April reiste ich auf Einladung von Est\u00e9e Lauder Deutschland nach Paris, um dort die R\u00fcckkehr von Supermodel Paulina Porizkova\" \/>\n<meta property=\"og:url\" content=\"https:\/\/martina-gleissenebner-teskey.com\/en\/2025\/04\/06\/with-estee-lauder-and-paulina-porizkova-in-paris\/\" \/>\n<meta property=\"og:site_name\" content=\"Martina Gleissenebner-Teskey\" \/>\n<meta property=\"article:publisher\" content=\"https:\/\/www.facebook.com\/martina.gleissenebnerteskey.training\/\" \/>\n<meta property=\"article:published_time\" content=\"2025-04-06T11:12:00+00:00\" \/>\n<meta property=\"article:modified_time\" content=\"2025-04-06T11:29:05+00:00\" \/>\n<meta property=\"og:image\" content=\"https:\/\/martina-gleissenebner-teskey.com\/wp-content\/uploads\/2025\/04\/20250402_184459966_quer-scaled.jpg\" \/>\n\t<meta property=\"og:image:width\" content=\"2560\" \/>\n\t<meta property=\"og:image:height\" content=\"1440\" \/>\n\t<meta property=\"og:image:type\" content=\"image\/jpeg\" \/>\n<meta name=\"author\" content=\"Martina\" \/>\n<meta name=\"twitter:card\" content=\"summary_large_image\" \/>\n<meta name=\"twitter:label1\" content=\"Written by\" \/>\n\t<meta name=\"twitter:data1\" content=\"Martina\" \/>\n\t<meta name=\"twitter:label2\" content=\"Est. reading time\" \/>\n\t<meta name=\"twitter:data2\" content=\"4 minutes\" \/>\n<script type=\"application\/ld+json\" class=\"yoast-schema-graph\">{\"@context\":\"https:\\\/\\\/schema.org\",\"@graph\":[{\"@type\":\"Article\",\"@id\":\"https:\\\/\\\/martina-gleissenebner-teskey.com\\\/2025\\\/04\\\/06\\\/mit-estee-lauder-und-paulina-porizkova-in-paris\\\/#article\",\"isPartOf\":{\"@id\":\"https:\\\/\\\/martina-gleissenebner-teskey.com\\\/2025\\\/04\\\/06\\\/mit-estee-lauder-und-paulina-porizkova-in-paris\\\/\"},\"author\":{\"name\":\"Martina\",\"@id\":\"https:\\\/\\\/martina-gleissenebner-teskey.com\\\/#\\\/schema\\\/person\\\/dd24cbe351cc5479e1a1e033917caf90\"},\"headline\":\"Mit Est\u00e9e Lauder und Paulina Porizkova in Paris\",\"datePublished\":\"2025-04-06T11:12:00+00:00\",\"dateModified\":\"2025-04-06T11:29:05+00:00\",\"mainEntityOfPage\":{\"@id\":\"https:\\\/\\\/martina-gleissenebner-teskey.com\\\/2025\\\/04\\\/06\\\/mit-estee-lauder-und-paulina-porizkova-in-paris\\\/\"},\"wordCount\":696,\"commentCount\":0,\"image\":{\"@id\":\"https:\\\/\\\/martina-gleissenebner-teskey.com\\\/2025\\\/04\\\/06\\\/mit-estee-lauder-und-paulina-porizkova-in-paris\\\/#primaryimage\"},\"thumbnailUrl\":\"https:\\\/\\\/martina-gleissenebner-teskey.com\\\/wp-content\\\/uploads\\\/2025\\\/04\\\/20250402_184459966_quer-scaled.jpg\",\"keywords\":[\"Est\u00e9e Lauder\",\"Internationale Events\",\"Luxus\",\"Modeling\",\"Sch\u00f6nheit\"],\"articleSection\":[\"Internationale Events\"],\"inLanguage\":\"en-US\",\"potentialAction\":[{\"@type\":\"CommentAction\",\"name\":\"Comment\",\"target\":[\"https:\\\/\\\/martina-gleissenebner-teskey.com\\\/2025\\\/04\\\/06\\\/mit-estee-lauder-und-paulina-porizkova-in-paris\\\/#respond\"]}]},{\"@type\":\"WebPage\",\"@id\":\"https:\\\/\\\/martina-gleissenebner-teskey.com\\\/2025\\\/04\\\/06\\\/mit-estee-lauder-und-paulina-porizkova-in-paris\\\/\",\"url\":\"https:\\\/\\\/martina-gleissenebner-teskey.com\\\/2025\\\/04\\\/06\\\/mit-estee-lauder-und-paulina-porizkova-in-paris\\\/\",\"name\":\"Mit Est\u00e9e Lauder und Paulina Porizkova in Paris - Martina Gleissenebner-Teskey\",\"isPartOf\":{\"@id\":\"https:\\\/\\\/martina-gleissenebner-teskey.com\\\/#website\"},\"primaryImageOfPage\":{\"@id\":\"https:\\\/\\\/martina-gleissenebner-teskey.com\\\/2025\\\/04\\\/06\\\/mit-estee-lauder-und-paulina-porizkova-in-paris\\\/#primaryimage\"},\"image\":{\"@id\":\"https:\\\/\\\/martina-gleissenebner-teskey.com\\\/2025\\\/04\\\/06\\\/mit-estee-lauder-und-paulina-porizkova-in-paris\\\/#primaryimage\"},\"thumbnailUrl\":\"https:\\\/\\\/martina-gleissenebner-teskey.com\\\/wp-content\\\/uploads\\\/2025\\\/04\\\/20250402_184459966_quer-scaled.jpg\",\"datePublished\":\"2025-04-06T11:12:00+00:00\",\"dateModified\":\"2025-04-06T11:29:05+00:00\",\"author\":{\"@id\":\"https:\\\/\\\/martina-gleissenebner-teskey.com\\\/#\\\/schema\\\/person\\\/dd24cbe351cc5479e1a1e033917caf90\"},\"description\":\"Anfang April reiste ich auf Einladung von Est\u00e9e Lauder Deutschland nach Paris, um dort die R\u00fcckkehr von Supermodel Paulina Porizkova\",\"breadcrumb\":{\"@id\":\"https:\\\/\\\/martina-gleissenebner-teskey.com\\\/2025\\\/04\\\/06\\\/mit-estee-lauder-und-paulina-porizkova-in-paris\\\/#breadcrumb\"},\"inLanguage\":\"en-US\",\"potentialAction\":[{\"@type\":\"ReadAction\",\"target\":[\"https:\\\/\\\/martina-gleissenebner-teskey.com\\\/2025\\\/04\\\/06\\\/mit-estee-lauder-und-paulina-porizkova-in-paris\\\/\"]}]},{\"@type\":\"ImageObject\",\"inLanguage\":\"en-US\",\"@id\":\"https:\\\/\\\/martina-gleissenebner-teskey.com\\\/2025\\\/04\\\/06\\\/mit-estee-lauder-und-paulina-porizkova-in-paris\\\/#primaryimage\",\"url\":\"https:\\\/\\\/martina-gleissenebner-teskey.com\\\/wp-content\\\/uploads\\\/2025\\\/04\\\/20250402_184459966_quer-scaled.jpg\",\"contentUrl\":\"https:\\\/\\\/martina-gleissenebner-teskey.com\\\/wp-content\\\/uploads\\\/2025\\\/04\\\/20250402_184459966_quer-scaled.jpg\",\"width\":2560,\"height\":1440,\"caption\":\"Martina Gleissenebner-Teskey mit Paulina Porizkova\"},{\"@type\":\"BreadcrumbList\",\"@id\":\"https:\\\/\\\/martina-gleissenebner-teskey.com\\\/2025\\\/04\\\/06\\\/mit-estee-lauder-und-paulina-porizkova-in-paris\\\/#breadcrumb\",\"itemListElement\":[{\"@type\":\"ListItem\",\"position\":1,\"name\":\"Startseite\",\"item\":\"https:\\\/\\\/martina-gleissenebner-teskey.com\\\/\"},{\"@type\":\"ListItem\",\"position\":2,\"name\":\"Mit Est\u00e9e Lauder und Paulina Porizkova in Paris\"}]},{\"@type\":\"WebSite\",\"@id\":\"https:\\\/\\\/martina-gleissenebner-teskey.com\\\/#website\",\"url\":\"https:\\\/\\\/martina-gleissenebner-teskey.com\\\/\",\"name\":\"Martina Gleissenebner-Teskey\",\"description\":\"The Personality Entrepreneur\",\"potentialAction\":[{\"@type\":\"SearchAction\",\"target\":{\"@type\":\"EntryPoint\",\"urlTemplate\":\"https:\\\/\\\/martina-gleissenebner-teskey.com\\\/?s={search_term_string}\"},\"query-input\":{\"@type\":\"PropertyValueSpecification\",\"valueRequired\":true,\"valueName\":\"search_term_string\"}}],\"inLanguage\":\"en-US\"},{\"@type\":\"Person\",\"@id\":\"https:\\\/\\\/martina-gleissenebner-teskey.com\\\/#\\\/schema\\\/person\\\/dd24cbe351cc5479e1a1e033917caf90\",\"name\":\"Martina\",\"sameAs\":[\"https:\\\/\\\/martina-gleissenebner-teskey.com\"],\"url\":\"https:\\\/\\\/martina-gleissenebner-teskey.com\\\/en\\\/author\\\/admin\\\/\"}]}<\/script>\n<!-- \/ Yoast SEO Premium plugin. -->","yoast_head_json":{"title":"With Est\u00e9e Lauder and Paulina Porizkova in Paris - Martina Gleissenebner-Teskey","description":"At the beginning of April, I traveled to Paris at the invitation of Est\u00e9e Lauder Germany to celebrate the return of supermodel Paulina Porizkova","robots":{"index":"index","follow":"follow","max-snippet":"max-snippet:-1","max-image-preview":"max-image-preview:large","max-video-preview":"max-video-preview:-1"},"canonical":"https:\/\/martina-gleissenebner-teskey.com\/en\/2025\/04\/06\/with-estee-lauder-and-paulina-porizkova-in-paris\/","og_locale":"en_US","og_type":"article","og_title":"Mit Est\u00e9e Lauder und Paulina Porizkova in Paris","og_description":"Anfang April reiste ich auf Einladung von Est\u00e9e Lauder Deutschland nach Paris, um dort die R\u00fcckkehr von Supermodel Paulina Porizkova","og_url":"https:\/\/martina-gleissenebner-teskey.com\/en\/2025\/04\/06\/with-estee-lauder-and-paulina-porizkova-in-paris\/","og_site_name":"Martina Gleissenebner-Teskey","article_publisher":"https:\/\/www.facebook.com\/martina.gleissenebnerteskey.training\/","article_published_time":"2025-04-06T11:12:00+00:00","article_modified_time":"2025-04-06T11:29:05+00:00","og_image":[{"width":2560,"height":1440,"url":"https:\/\/martina-gleissenebner-teskey.com\/wp-content\/uploads\/2025\/04\/20250402_184459966_quer-scaled.jpg","type":"image\/jpeg"}],"author":"Martina","twitter_card":"summary_large_image","twitter_misc":{"Written by":"Martina","Est. reading time":"4 minutes"},"schema":{"@context":"https:\/\/schema.org","@graph":[{"@type":"Article","@id":"https:\/\/martina-gleissenebner-teskey.com\/2025\/04\/06\/mit-estee-lauder-und-paulina-porizkova-in-paris\/#article","isPartOf":{"@id":"https:\/\/martina-gleissenebner-teskey.com\/2025\/04\/06\/mit-estee-lauder-und-paulina-porizkova-in-paris\/"},"author":{"name":"Martina","@id":"https:\/\/martina-gleissenebner-teskey.com\/#\/schema\/person\/dd24cbe351cc5479e1a1e033917caf90"},"headline":"Mit Est\u00e9e Lauder und Paulina Porizkova in Paris","datePublished":"2025-04-06T11:12:00+00:00","dateModified":"2025-04-06T11:29:05+00:00","mainEntityOfPage":{"@id":"https:\/\/martina-gleissenebner-teskey.com\/2025\/04\/06\/mit-estee-lauder-und-paulina-porizkova-in-paris\/"},"wordCount":696,"commentCount":0,"image":{"@id":"https:\/\/martina-gleissenebner-teskey.com\/2025\/04\/06\/mit-estee-lauder-und-paulina-porizkova-in-paris\/#primaryimage"},"thumbnailUrl":"https:\/\/martina-gleissenebner-teskey.com\/wp-content\/uploads\/2025\/04\/20250402_184459966_quer-scaled.jpg","keywords":["Est\u00e9e Lauder","Internationale Events","Luxus","Modeling","Sch\u00f6nheit"],"articleSection":["Internationale Events"],"inLanguage":"en-US","potentialAction":[{"@type":"CommentAction","name":"Comment","target":["https:\/\/martina-gleissenebner-teskey.com\/2025\/04\/06\/mit-estee-lauder-und-paulina-porizkova-in-paris\/#respond"]}]},{"@type":"WebPage","@id":"https:\/\/martina-gleissenebner-teskey.com\/2025\/04\/06\/mit-estee-lauder-und-paulina-porizkova-in-paris\/","url":"https:\/\/martina-gleissenebner-teskey.com\/2025\/04\/06\/mit-estee-lauder-und-paulina-porizkova-in-paris\/","name":"With Est\u00e9e Lauder and Paulina Porizkova in Paris - Martina Gleissenebner-Teskey","isPartOf":{"@id":"https:\/\/martina-gleissenebner-teskey.com\/#website"},"primaryImageOfPage":{"@id":"https:\/\/martina-gleissenebner-teskey.com\/2025\/04\/06\/mit-estee-lauder-und-paulina-porizkova-in-paris\/#primaryimage"},"image":{"@id":"https:\/\/martina-gleissenebner-teskey.com\/2025\/04\/06\/mit-estee-lauder-und-paulina-porizkova-in-paris\/#primaryimage"},"thumbnailUrl":"https:\/\/martina-gleissenebner-teskey.com\/wp-content\/uploads\/2025\/04\/20250402_184459966_quer-scaled.jpg","datePublished":"2025-04-06T11:12:00+00:00","dateModified":"2025-04-06T11:29:05+00:00","author":{"@id":"https:\/\/martina-gleissenebner-teskey.com\/#\/schema\/person\/dd24cbe351cc5479e1a1e033917caf90"},"description":"At the beginning of April, I traveled to Paris at the invitation of Est\u00e9e Lauder Germany to celebrate the return of supermodel Paulina Porizkova","breadcrumb":{"@id":"https:\/\/martina-gleissenebner-teskey.com\/2025\/04\/06\/mit-estee-lauder-und-paulina-porizkova-in-paris\/#breadcrumb"},"inLanguage":"en-US","potentialAction":[{"@type":"ReadAction","target":["https:\/\/martina-gleissenebner-teskey.com\/2025\/04\/06\/mit-estee-lauder-und-paulina-porizkova-in-paris\/"]}]},{"@type":"ImageObject","inLanguage":"en-US","@id":"https:\/\/martina-gleissenebner-teskey.com\/2025\/04\/06\/mit-estee-lauder-und-paulina-porizkova-in-paris\/#primaryimage","url":"https:\/\/martina-gleissenebner-teskey.com\/wp-content\/uploads\/2025\/04\/20250402_184459966_quer-scaled.jpg","contentUrl":"https:\/\/martina-gleissenebner-teskey.com\/wp-content\/uploads\/2025\/04\/20250402_184459966_quer-scaled.jpg","width":2560,"height":1440,"caption":"Martina Gleissenebner-Teskey mit Paulina Porizkova"},{"@type":"BreadcrumbList","@id":"https:\/\/martina-gleissenebner-teskey.com\/2025\/04\/06\/mit-estee-lauder-und-paulina-porizkova-in-paris\/#breadcrumb","itemListElement":[{"@type":"ListItem","position":1,"name":"Startseite","item":"https:\/\/martina-gleissenebner-teskey.com\/"},{"@type":"ListItem","position":2,"name":"Mit Est\u00e9e Lauder und Paulina Porizkova in Paris"}]},{"@type":"WebSite","@id":"https:\/\/martina-gleissenebner-teskey.com\/#website","url":"https:\/\/martina-gleissenebner-teskey.com\/","name":"Martina Gleissenebner-Teskey","description":"The Personality Entrepreneur","potentialAction":[{"@type":"SearchAction","target":{"@type":"EntryPoint","urlTemplate":"https:\/\/martina-gleissenebner-teskey.com\/?s={search_term_string}"},"query-input":{"@type":"PropertyValueSpecification","valueRequired":true,"valueName":"search_term_string"}}],"inLanguage":"en-US"},{"@type":"Person","@id":"https:\/\/martina-gleissenebner-teskey.com\/#\/schema\/person\/dd24cbe351cc5479e1a1e033917caf90","name":"Martina","sameAs":["https:\/\/martina-gleissenebner-teskey.com"],"url":"https:\/\/martina-gleissenebner-teskey.com\/en\/author\/admin\/"}]}},"_links":{"self":[{"href":"https:\/\/martina-gleissenebner-teskey.com\/en\/wp-json\/wp\/v2\/posts\/9652","targetHints":{"allow":["GET"]}}],"collection":[{"href":"https:\/\/martina-gleissenebner-teskey.com\/en\/wp-json\/wp\/v2\/posts"}],"about":[{"href":"https:\/\/martina-gleissenebner-teskey.com\/en\/wp-json\/wp\/v2\/types\/post"}],"author":[{"embeddable":true,"href":"https:\/\/martina-gleissenebner-teskey.com\/en\/wp-json\/wp\/v2\/users\/1"}],"replies":[{"embeddable":true,"href":"https:\/\/martina-gleissenebner-teskey.com\/en\/wp-json\/wp\/v2\/comments?post=9652"}],"version-history":[{"count":7,"href":"https:\/\/martina-gleissenebner-teskey.com\/en\/wp-json\/wp\/v2\/posts\/9652\/revisions"}],"predecessor-version":[{"id":9671,"href":"https:\/\/martina-gleissenebner-teskey.com\/en\/wp-json\/wp\/v2\/posts\/9652\/revisions\/9671"}],"wp:featuredmedia":[{"embeddable":true,"href":"https:\/\/martina-gleissenebner-teskey.com\/en\/wp-json\/wp\/v2\/media\/9655"}],"wp:attachment":[{"href":"https:\/\/martina-gleissenebner-teskey.com\/en\/wp-json\/wp\/v2\/media?parent=9652"}],"wp:term":[{"taxonomy":"category","embeddable":true,"href":"https:\/\/martina-gleissenebner-teskey.com\/en\/wp-json\/wp\/v2\/categories?post=9652"},{"taxonomy":"post_tag","embeddable":true,"href":"https:\/\/martina-gleissenebner-teskey.com\/en\/wp-json\/wp\/v2\/tags?post=9652"}],"curies":[{"name":"wp","href":"https:\/\/api.w.org\/{rel}","templated":true}]}}