{"id":9616,"date":"2025-03-08T18:08:32","date_gmt":"2025-03-08T17:08:32","guid":{"rendered":"https:\/\/martina-gleissenebner-teskey.com\/?p=9616"},"modified":"2025-03-11T10:56:42","modified_gmt":"2025-03-11T09:56:42","slug":"live-podcast-panel-discussion-at-ooen-womens-day","status":"publish","type":"post","link":"https:\/\/martina-gleissenebner-teskey.com\/en\/2025\/03\/08\/live-podcast-podiumsdiskussion-beim-ooen-frauentag\/","title":{"rendered":"Live podcast &amp; panel discussion at the O\u00d6N Women's Day"},"content":{"rendered":"<div id=\"fws_69f34e8340681\"  data-column-margin=\"default\" data-midnight=\"dark\"  class=\"wpb_row vc_row-fluid vc_row\"  style=\"padding-top: 0px; padding-bottom: 0px; \"><div class=\"row-bg-wrap\" data-bg-animation=\"none\" data-bg-animation-delay=\"\" data-bg-overlay=\"false\"><div class=\"inner-wrap row-bg-layer\" ><div class=\"row-bg viewport-desktop\"  style=\"\"><\/div><\/div><\/div><div class=\"row_col_wrap_12 col span_12 dark left\">\n\t<div  class=\"vc_col-sm-12 wpb_column column_container vc_column_container col no-extra-padding inherit_tablet inherit_phone\"  data-padding-pos=\"all\" data-has-bg-color=\"false\" data-bg-color=\"\" data-bg-opacity=\"1\" data-animation=\"\" data-delay=\"0\" >\n\t\t<div class=\"vc_column-inner\" >\n\t\t\t<div class=\"wpb_wrapper\">\n\t\t\t\t<div id=\"fws_69f34e83412e0\" data-midnight=\"\" data-column-margin=\"default\" class=\"wpb_row vc_row-fluid vc_row inner_row vc_row-o-equal-height vc_row-flex vc_row-o-content-top\"  style=\"\"><div class=\"row-bg-wrap\"> <div class=\"row-bg\" ><\/div> <\/div><div class=\"row_col_wrap_12_inner col span_12  left\">\n\t<div  class=\"vc_col-sm-6 wpb_column column_container vc_column_container col child_column no-extra-padding inherit_tablet inherit_phone\"   data-padding-pos=\"all\" data-has-bg-color=\"false\" data-bg-color=\"\" data-bg-opacity=\"1\" data-animation=\"\" data-delay=\"0\" >\n\t\t<div class=\"vc_column-inner\" >\n\t\t<div class=\"wpb_wrapper\">\n\t\t\t<div class=\"img-with-aniamtion-wrap center\" data-max-width=\"100%\" data-max-width-mobile=\"default\" data-shadow=\"none\" data-animation=\"none\" >\n      <div class=\"inner\">\n        <div class=\"hover-wrap\"> \n          <div class=\"hover-wrap-inner\">\n            <a href=\"https:\/\/www.nachrichten.at\/aktionen\/frauenzeit\/schoenheit-kennt-kein-alter;art217067,4031572\" target=\"_blank\" class=\"center\">\n              <img loading=\"lazy\" decoding=\"async\" class=\"img-with-animation skip-lazy\" data-delay=\"0\" height=\"1680\" width=\"2240\" data-animation=\"none\" src=\"https:\/\/martina-gleissenebner-teskey.com\/wp-content\/uploads\/2025\/03\/OOEN_080325.jpg\" alt=\"\" srcset=\"https:\/\/martina-gleissenebner-teskey.com\/wp-content\/uploads\/2025\/03\/OOEN_080325.jpg 2240w, https:\/\/martina-gleissenebner-teskey.com\/wp-content\/uploads\/2025\/03\/OOEN_080325-300x225.jpg 300w, https:\/\/martina-gleissenebner-teskey.com\/wp-content\/uploads\/2025\/03\/OOEN_080325-768x576.jpg 768w, https:\/\/martina-gleissenebner-teskey.com\/wp-content\/uploads\/2025\/03\/OOEN_080325-1536x1152.jpg 1536w, https:\/\/martina-gleissenebner-teskey.com\/wp-content\/uploads\/2025\/03\/OOEN_080325-2048x1536.jpg 2048w, https:\/\/martina-gleissenebner-teskey.com\/wp-content\/uploads\/2025\/03\/OOEN_080325-16x12.jpg 16w\" sizes=\"auto, (max-width: 2240px) 100vw, 2240px\" \/>\n            <\/a>\n          <\/div>\n        <\/div>\n      <\/div>\n      <\/div>\n\t\t<\/div> \n\t<\/div>\n\t<\/div> \n\n\t<div  class=\"vc_col-sm-6 wpb_column column_container vc_column_container col child_column no-extra-padding inherit_tablet inherit_phone\"   data-padding-pos=\"all\" data-has-bg-color=\"false\" data-bg-color=\"\" data-bg-opacity=\"1\" data-animation=\"\" data-delay=\"0\" >\n\t\t<div class=\"vc_column-inner\" >\n\t\t<div class=\"wpb_wrapper\">\n\t\t\t<h3 style=\"text-align: center\" class=\"vc_custom_heading\" >Click here for the whole talk<\/h3><div class=\"nectar-video-box\" data-color=\"default-accent-color\"  data-play-button-size=\"default\" data-border-radius=\"none\" data-hover=\"defaut\" data-shadow=\"none\"><div class=\"inner-wrap\"><a href=\"https:\/\/www.youtube.com\/watch?v=Z7pPUtv0aXI&#038;t=20955s\" class=\"full-link pp\"><\/a><img loading=\"lazy\" decoding=\"async\" width=\"1241\" height=\"674\" src=\"https:\/\/martina-gleissenebner-teskey.com\/wp-content\/uploads\/2025\/03\/IMG_9139.jpg\" class=\"attachment-full size-full\" alt=\"Martina Gleissenebner-Teskey, Doris Grausam, Andrea Neuhold in conversation with Valerie Hader and Verena Gabriel about beauty, charisma, self-confidence, Walk4future and a career as a model\" srcset=\"https:\/\/martina-gleissenebner-teskey.com\/wp-content\/uploads\/2025\/03\/IMG_9139.jpg 1241w, https:\/\/martina-gleissenebner-teskey.com\/wp-content\/uploads\/2025\/03\/IMG_9139-300x163.jpg 300w, https:\/\/martina-gleissenebner-teskey.com\/wp-content\/uploads\/2025\/03\/IMG_9139-768x417.jpg 768w, https:\/\/martina-gleissenebner-teskey.com\/wp-content\/uploads\/2025\/03\/IMG_9139-18x10.jpg 18w\" sizes=\"auto, (max-width: 1241px) 100vw, 1241px\" \/><a href=\"https:\/\/www.youtube.com\/watch?v=Z7pPUtv0aXI&#038;t=20955s\"  data-style=\"default\" data-parent-hover=\"\" data-font-style=\"p\" data-color=\"default\" class=\"play_button_2 large nectar_video_lightbox pp\"><span><span class=\"screen-reader-text\">Play Video<\/span><span class=\"play\"><span class=\"inner-wrap inner\"><svg version=\"1.1\"\n\t xmlns=\"http:\/\/www.w3.org\/2000\/svg\" xmlns:xlink=\"http:\/\/www.w3.org\/1999\/xlink\" width=\"600px\" height=\"800px\" x=\"0px\" y=\"0px\" viewbox=\"0 0 600 800\" enable-background=\"new 0 0 600 800\" xml:space=\"preserve\"><path fill=\"none\" d=\"M0-1.79v800L600,395L0-1.79z\"><\/path> <\/svg><\/span><\/span><\/span><\/a><\/div><\/div>\n\t\t<\/div> \n\t<\/div>\n\t<\/div> \n<\/div><\/div><div class=\"divider-wrap\" data-alignment=\"default\"><div style=\"height: 25px;\" class=\"divider\"><\/div><\/div>\n<div class=\"wpb_text_column wpb_content_element\" >\n\t<div class=\"wpb_wrapper\">\n\t\t<p><em><strong>Live podcast and panel talk about my life, charisma, self-confidence and modeling<\/strong><\/em><\/p>\n<p>On the occasion of International Women's Day, I was invited by the <a href=\"https:\/\/martina-gleissenebner-teskey.com\/en\/events\/panel-discussion-beauty-knows-no-age\/\">Upper Austrian News<\/a> in Linz. On the one hand, to work with <strong>Elisabeth Eidenberger in an in-depth podcast interview<\/strong> in front of a live audience (the broadcast will take place in April or May 2025 in the podcast <em><strong>Club of the clever ones<\/strong><\/em>) and, on the other hand, to work together with the successful Best Ager Models <strong>Doris Grausam (69) and Andrea Neuhofer (52) on the podium about beauty ideals, model standards, charisma and self-confidence<\/strong> to speak. The panel talk was organized by <strong>Valerie Hader<\/strong> and <strong>Verena Gabriel<\/strong> in a hall filled to the last seat.<\/p>\n\t<\/div>\n<\/div>\n\n\n\n<div class=\"divider-wrap\" data-alignment=\"default\"><div style=\"height: 25px;\" class=\"divider\"><\/div><\/div>\n\t<div class=\"wpb_gallery wpb_content_element clearfix\">\n\t\t<div class=\"wpb_wrapper\"><div class=\"wpb_gallery_slidesimage_grid\" data-onclick=\"link_image\" data-interval=\"5\">\n\n\t<div class=\"portfolio-wrap\">\n\n\t\t\t<span class=\"portfolio-loading\"><\/span>\n\n\t\t\t<div class=\"row portfolio-items masonry-items\" data-starting-filter=\"\" data-gutter=\"default\" data-masonry-type=\"photography\" data-bypass-cropping=\"true\"  data-ps=\"7\" data-loading=\"default\" data-categories-to-show=\"\" data-col-num=\"cols-4\">\n\n\n\n\t\n\t\t\t\t\t\t\t<div class=\"col span_3 regular element\" data-project-cat=\"\" data-default-color=\"true\" data-title-color=\"\" data-subtitle-color=\"\">\n\n\t\t\t\t\t\t\t<div class=\"inner-wrap animated\" data-animation=\"none\">\n\n\t\t\t\t\t\t\t\n\t\t\t\t\t\t\t<div class=\"work-item style-2\">\n\n\t\t\t\t\t\t\t\t<img loading=\"lazy\" decoding=\"async\" width=\"1080\" height=\"1361\" src=\"https:\/\/martina-gleissenebner-teskey.com\/wp-content\/uploads\/2025\/03\/IMG_5353-scaled.jpg\" class=\"skip-lazy top-level-image attachment-large\" alt=\"\" title=\"Martina Gleissenebner-Teskey with Elisabeth Eidenberger, O\u00d6N\" srcset=\"https:\/\/martina-gleissenebner-teskey.com\/wp-content\/uploads\/2025\/03\/IMG_5353-scaled.jpg 2031w, https:\/\/martina-gleissenebner-teskey.com\/wp-content\/uploads\/2025\/03\/IMG_5353-238x300.jpg 238w, https:\/\/martina-gleissenebner-teskey.com\/wp-content\/uploads\/2025\/03\/IMG_5353-768x968.jpg 768w, https:\/\/martina-gleissenebner-teskey.com\/wp-content\/uploads\/2025\/03\/IMG_5353-1219x1536.jpg 1219w, https:\/\/martina-gleissenebner-teskey.com\/wp-content\/uploads\/2025\/03\/IMG_5353-1625x2048.jpg 1625w, https:\/\/martina-gleissenebner-teskey.com\/wp-content\/uploads\/2025\/03\/IMG_5353-10x12.jpg 10w\" sizes=\"auto, (max-width: 1080px) 100vw, 1080px\" \/>\n\t\t\t\t\t\t\t\t<div class=\"work-info-bg\"><\/div>\n\t\t\t\t\t\t\t\t<div class=\"work-info\">\n\n\n\t\t\t\t\t\t\t\t\t\t\t\t\t\t\t\t\t   \t\t\t <a href=\"https:\/\/martina-gleissenebner-teskey.com\/wp-content\/uploads\/2025\/03\/IMG_5353-scaled.jpg\" class=\"pretty_photo\"><\/a>\n\t\t\t\t\t\t\t\t   \t\t\n\t\t\t\t\t\t\t\t\t\t<div class=\"vert-center\">\n\t\t\t\t\t\t\t\t\t\t\t\n\t\t\t\t\t\t\t\t\t\t\t\t\t\t\t\t\t\t\t\t\t\t\t\t\t<h3>Martina Gleissenebner-Teskey with Elisabeth Eidenberger, O\u00d6N<\/h3>\n\t\t\t\t\t\t\t\t\t\t\t\t\t\t\t\t\t\t\t\t\t\t\t\t<p><\/p>\n\n\t\t\t\t\t\t\t\t\t\t\t\t\t\t\t\t\t\t\t\t\t<\/div><!--\/vert-center-->\n\n\t\t\t\t\t\t\t\t\t\n\n\t\t\t\t\t\t\t\t<\/div>\n\t\t\t\t\t\t\t<\/div><!--work-item-->\n\n\t\t\t\t\t\t\n\n\t\t\t\t\t\t<\/div><\/div> \n\t\t\t\t\t\t\n\t\t\t\t\t\t\t<div class=\"col span_3 regular element\" data-project-cat=\"\" data-default-color=\"true\" data-title-color=\"\" data-subtitle-color=\"\">\n\n\t\t\t\t\t\t\t<div class=\"inner-wrap animated\" data-animation=\"none\">\n\n\t\t\t\t\t\t\t\n\t\t\t\t\t\t\t<div class=\"work-item style-2\">\n\n\t\t\t\t\t\t\t\t<img loading=\"lazy\" decoding=\"async\" width=\"1080\" height=\"949\" src=\"https:\/\/martina-gleissenebner-teskey.com\/wp-content\/uploads\/2025\/03\/IMG_5360-3000x2636.jpg\" class=\"skip-lazy top-level-image attachment-large\" alt=\"\" title=\"Live podcast with Elisabeth Eidenberger\" srcset=\"https:\/\/martina-gleissenebner-teskey.com\/wp-content\/uploads\/2025\/03\/IMG_5360-3000x2636.jpg 3000w, https:\/\/martina-gleissenebner-teskey.com\/wp-content\/uploads\/2025\/03\/IMG_5360-300x264.jpg 300w, https:\/\/martina-gleissenebner-teskey.com\/wp-content\/uploads\/2025\/03\/IMG_5360-768x675.jpg 768w, https:\/\/martina-gleissenebner-teskey.com\/wp-content\/uploads\/2025\/03\/IMG_5360-1536x1350.jpg 1536w, https:\/\/martina-gleissenebner-teskey.com\/wp-content\/uploads\/2025\/03\/IMG_5360-2048x1799.jpg 2048w, https:\/\/martina-gleissenebner-teskey.com\/wp-content\/uploads\/2025\/03\/IMG_5360-14x12.jpg 14w\" sizes=\"auto, (max-width: 1080px) 100vw, 1080px\" \/>\n\t\t\t\t\t\t\t\t<div class=\"work-info-bg\"><\/div>\n\t\t\t\t\t\t\t\t<div class=\"work-info\">\n\n\n\t\t\t\t\t\t\t\t\t\t\t\t\t\t\t\t\t   \t\t\t <a href=\"https:\/\/martina-gleissenebner-teskey.com\/wp-content\/uploads\/2025\/03\/IMG_5360-scaled.jpg\" class=\"pretty_photo\"><\/a>\n\t\t\t\t\t\t\t\t   \t\t\n\t\t\t\t\t\t\t\t\t\t<div class=\"vert-center\">\n\t\t\t\t\t\t\t\t\t\t\t\n\t\t\t\t\t\t\t\t\t\t\t\t\t\t\t\t\t\t\t\t\t\t\t\t\t<h3>Live podcast with Elisabeth Eidenberger<\/h3>\n\t\t\t\t\t\t\t\t\t\t\t\t\t\t\t\t\t\t\t\t\t\t\t\t<p><\/p>\n\n\t\t\t\t\t\t\t\t\t\t\t\t\t\t\t\t\t\t\t\t\t<\/div><!--\/vert-center-->\n\n\t\t\t\t\t\t\t\t\t\n\n\t\t\t\t\t\t\t\t<\/div>\n\t\t\t\t\t\t\t<\/div><!--work-item-->\n\n\t\t\t\t\t\t\n\n\t\t\t\t\t\t<\/div><\/div> \n\t\t\t\t\t\t\n\t\t\t\t\t\t\t<div class=\"col span_3 regular element\" data-project-cat=\"\" data-default-color=\"true\" data-title-color=\"\" data-subtitle-color=\"\">\n\n\t\t\t\t\t\t\t<div class=\"inner-wrap animated\" data-animation=\"none\">\n\n\t\t\t\t\t\t\t\n\t\t\t\t\t\t\t<div class=\"work-item style-2\">\n\n\t\t\t\t\t\t\t\t<img loading=\"lazy\" decoding=\"async\" width=\"1063\" height=\"709\" src=\"https:\/\/martina-gleissenebner-teskey.com\/wp-content\/uploads\/2025\/03\/121.jpg\" class=\"skip-lazy top-level-image attachment-large\" alt=\"\" title=\"Panel discussion at the O\u00d6N Women&#039;s Day\" srcset=\"https:\/\/martina-gleissenebner-teskey.com\/wp-content\/uploads\/2025\/03\/121.jpg 1063w, https:\/\/martina-gleissenebner-teskey.com\/wp-content\/uploads\/2025\/03\/121-300x200.jpg 300w, https:\/\/martina-gleissenebner-teskey.com\/wp-content\/uploads\/2025\/03\/121-768x512.jpg 768w, https:\/\/martina-gleissenebner-teskey.com\/wp-content\/uploads\/2025\/03\/121-18x12.jpg 18w, https:\/\/martina-gleissenebner-teskey.com\/wp-content\/uploads\/2025\/03\/121-900x600.jpg 900w, https:\/\/martina-gleissenebner-teskey.com\/wp-content\/uploads\/2025\/03\/121-675x450.jpg 675w\" sizes=\"auto, (max-width: 1063px) 100vw, 1063px\" \/>\n\t\t\t\t\t\t\t\t<div class=\"work-info-bg\"><\/div>\n\t\t\t\t\t\t\t\t<div class=\"work-info\">\n\n\n\t\t\t\t\t\t\t\t\t\t\t\t\t\t\t\t\t   \t\t\t <a href=\"https:\/\/martina-gleissenebner-teskey.com\/wp-content\/uploads\/2025\/03\/121.jpg\" class=\"pretty_photo\"><\/a>\n\t\t\t\t\t\t\t\t   \t\t\n\t\t\t\t\t\t\t\t\t\t<div class=\"vert-center\">\n\t\t\t\t\t\t\t\t\t\t\t\n\t\t\t\t\t\t\t\t\t\t\t\t\t\t\t\t\t\t\t\t\t\t\t\t\t<h3>Panel discussion at the O\u00d6N Women's Day<\/h3>\n\t\t\t\t\t\t\t\t\t\t\t\t\t\t\t\t\t\t\t\t\t\t\t\t<p>photo: volker weihbold women's day promenade galleries o\u00f6nachrichten<\/p>\n\n\t\t\t\t\t\t\t\t\t\t\t\t\t\t\t\t\t\t\t\t\t<\/div><!--\/vert-center-->\n\n\t\t\t\t\t\t\t\t\t\n\n\t\t\t\t\t\t\t\t<\/div>\n\t\t\t\t\t\t\t<\/div><!--work-item-->\n\n\t\t\t\t\t\t\n\n\t\t\t\t\t\t<\/div><\/div> \n\t\t\t\t\t\t\n\t\t\t\t\t\t\t<div class=\"col span_3 regular element\" data-project-cat=\"\" data-default-color=\"true\" data-title-color=\"\" data-subtitle-color=\"\">\n\n\t\t\t\t\t\t\t<div class=\"inner-wrap animated\" data-animation=\"none\">\n\n\t\t\t\t\t\t\t\n\t\t\t\t\t\t\t<div class=\"work-item style-2\">\n\n\t\t\t\t\t\t\t\t<img loading=\"lazy\" decoding=\"async\" width=\"1063\" height=\"709\" src=\"https:\/\/martina-gleissenebner-teskey.com\/wp-content\/uploads\/2025\/03\/115.jpg\" class=\"skip-lazy top-level-image attachment-large\" alt=\"\" title=\"Best Ager Models and Gottfried Birklbauer\" srcset=\"https:\/\/martina-gleissenebner-teskey.com\/wp-content\/uploads\/2025\/03\/115.jpg 1063w, https:\/\/martina-gleissenebner-teskey.com\/wp-content\/uploads\/2025\/03\/115-300x200.jpg 300w, https:\/\/martina-gleissenebner-teskey.com\/wp-content\/uploads\/2025\/03\/115-768x512.jpg 768w, https:\/\/martina-gleissenebner-teskey.com\/wp-content\/uploads\/2025\/03\/115-18x12.jpg 18w, https:\/\/martina-gleissenebner-teskey.com\/wp-content\/uploads\/2025\/03\/115-900x600.jpg 900w, https:\/\/martina-gleissenebner-teskey.com\/wp-content\/uploads\/2025\/03\/115-675x450.jpg 675w\" sizes=\"auto, (max-width: 1063px) 100vw, 1063px\" \/>\n\t\t\t\t\t\t\t\t<div class=\"work-info-bg\"><\/div>\n\t\t\t\t\t\t\t\t<div class=\"work-info\">\n\n\n\t\t\t\t\t\t\t\t\t\t\t\t\t\t\t\t\t   \t\t\t <a href=\"https:\/\/martina-gleissenebner-teskey.com\/wp-content\/uploads\/2025\/03\/115.jpg\" class=\"pretty_photo\"><\/a>\n\t\t\t\t\t\t\t\t   \t\t\n\t\t\t\t\t\t\t\t\t\t<div class=\"vert-center\">\n\t\t\t\t\t\t\t\t\t\t\t\n\t\t\t\t\t\t\t\t\t\t\t\t\t\t\t\t\t\t\t\t\t\t\t\t\t<h3>Best Ager Models and Gottfried Birklbauer<\/h3>\n\t\t\t\t\t\t\t\t\t\t\t\t\t\t\t\t\t\t\t\t\t\t\t\t<p>photo: volker weihbold women's day promenade galleries o\u00f6nachrichten<\/p>\n\n\t\t\t\t\t\t\t\t\t\t\t\t\t\t\t\t\t\t\t\t\t<\/div><!--\/vert-center-->\n\n\t\t\t\t\t\t\t\t\t\n\n\t\t\t\t\t\t\t\t<\/div>\n\t\t\t\t\t\t\t<\/div><!--work-item-->\n\n\t\t\t\t\t\t\n\n\t\t\t\t\t\t<\/div><\/div> \n\t\t\t\t\t\t\n\t\t\t\t\t\t\t<div class=\"col span_3 regular element\" data-project-cat=\"\" data-default-color=\"true\" data-title-color=\"\" data-subtitle-color=\"\">\n\n\t\t\t\t\t\t\t<div class=\"inner-wrap animated\" data-animation=\"none\">\n\n\t\t\t\t\t\t\t\n\t\t\t\t\t\t\t<div class=\"work-item style-2\">\n\n\t\t\t\t\t\t\t\t<img loading=\"lazy\" decoding=\"async\" width=\"1063\" height=\"709\" src=\"https:\/\/martina-gleissenebner-teskey.com\/wp-content\/uploads\/2025\/03\/116.jpg\" class=\"skip-lazy top-level-image attachment-large\" alt=\"\" title=\"Best ager models in conversation\" srcset=\"https:\/\/martina-gleissenebner-teskey.com\/wp-content\/uploads\/2025\/03\/116.jpg 1063w, https:\/\/martina-gleissenebner-teskey.com\/wp-content\/uploads\/2025\/03\/116-300x200.jpg 300w, https:\/\/martina-gleissenebner-teskey.com\/wp-content\/uploads\/2025\/03\/116-768x512.jpg 768w, https:\/\/martina-gleissenebner-teskey.com\/wp-content\/uploads\/2025\/03\/116-18x12.jpg 18w, https:\/\/martina-gleissenebner-teskey.com\/wp-content\/uploads\/2025\/03\/116-900x600.jpg 900w, https:\/\/martina-gleissenebner-teskey.com\/wp-content\/uploads\/2025\/03\/116-675x450.jpg 675w\" sizes=\"auto, (max-width: 1063px) 100vw, 1063px\" \/>\n\t\t\t\t\t\t\t\t<div class=\"work-info-bg\"><\/div>\n\t\t\t\t\t\t\t\t<div class=\"work-info\">\n\n\n\t\t\t\t\t\t\t\t\t\t\t\t\t\t\t\t\t   \t\t\t <a href=\"https:\/\/martina-gleissenebner-teskey.com\/wp-content\/uploads\/2025\/03\/116.jpg\" class=\"pretty_photo\"><\/a>\n\t\t\t\t\t\t\t\t   \t\t\n\t\t\t\t\t\t\t\t\t\t<div class=\"vert-center\">\n\t\t\t\t\t\t\t\t\t\t\t\n\t\t\t\t\t\t\t\t\t\t\t\t\t\t\t\t\t\t\t\t\t\t\t\t\t<h3>Best ager models in conversation<\/h3>\n\t\t\t\t\t\t\t\t\t\t\t\t\t\t\t\t\t\t\t\t\t\t\t\t<p>photo: volker weihbold women's day promenade galleries o\u00f6nachrichten<\/p>\n\n\t\t\t\t\t\t\t\t\t\t\t\t\t\t\t\t\t\t\t\t\t<\/div><!--\/vert-center-->\n\n\t\t\t\t\t\t\t\t\t\n\n\t\t\t\t\t\t\t\t<\/div>\n\t\t\t\t\t\t\t<\/div><!--work-item-->\n\n\t\t\t\t\t\t\n\n\t\t\t\t\t\t<\/div><\/div> \n\t\t\t\t\t\t\n\t\t\t\t\t\t\t<div class=\"col span_3 regular element\" data-project-cat=\"\" data-default-color=\"true\" data-title-color=\"\" data-subtitle-color=\"\">\n\n\t\t\t\t\t\t\t<div class=\"inner-wrap animated\" data-animation=\"none\">\n\n\t\t\t\t\t\t\t\n\t\t\t\t\t\t\t<div class=\"work-item style-2\">\n\n\t\t\t\t\t\t\t\t<img loading=\"lazy\" decoding=\"async\" width=\"1080\" height=\"1725\" src=\"https:\/\/martina-gleissenebner-teskey.com\/wp-content\/uploads\/2025\/03\/OOEN_080325_online.jpg\" class=\"skip-lazy top-level-image attachment-large\" alt=\"\" title=\"OOEN_080325_online\" srcset=\"https:\/\/martina-gleissenebner-teskey.com\/wp-content\/uploads\/2025\/03\/OOEN_080325_online.jpg 1179w, https:\/\/martina-gleissenebner-teskey.com\/wp-content\/uploads\/2025\/03\/OOEN_080325_online-188x300.jpg 188w, https:\/\/martina-gleissenebner-teskey.com\/wp-content\/uploads\/2025\/03\/OOEN_080325_online-768x1227.jpg 768w, https:\/\/martina-gleissenebner-teskey.com\/wp-content\/uploads\/2025\/03\/OOEN_080325_online-962x1536.jpg 962w, https:\/\/martina-gleissenebner-teskey.com\/wp-content\/uploads\/2025\/03\/OOEN_080325_online-8x12.jpg 8w\" sizes=\"auto, (max-width: 1080px) 100vw, 1080px\" \/>\n\t\t\t\t\t\t\t\t<div class=\"work-info-bg\"><\/div>\n\t\t\t\t\t\t\t\t<div class=\"work-info\">\n\n\n\t\t\t\t\t\t\t\t\t\t\t\t\t\t\t\t\t\t   \t\t <a href=\"https:\/\/www.nachrichten.at\/aktionen\/frauenzeit\/schoenheit-kennt-kein-alter;art217067,4031572\"><\/a>\n\t\t\t\t\t\t\t\t   \t\t\n\t\t\t\t\t\t\t\t\t\t<div class=\"vert-center\">\n\t\t\t\t\t\t\t\t\t\t\t\n\t\t\t\t\t\t\t\t\t\t\t\t\t\t\t\t\t\t\t\t\t\t\t\t\t<h3>OOEN_080325_online<\/h3>\n\t\t\t\t\t\t\t\t\t\t\t\t\t\t\t\t\t\t\t\t\t\t\t\t<p>Photo: Volker Weihbold<\/p>\n\n\t\t\t\t\t\t\t\t\t\t\t\t\t\t\t\t\t\t\t\t\t<\/div><!--\/vert-center-->\n\n\t\t\t\t\t\t\t\t\t\n\n\t\t\t\t\t\t\t\t<\/div>\n\t\t\t\t\t\t\t<\/div><!--work-item-->\n\n\t\t\t\t\t\t\n\n\t\t\t\t\t\t<\/div><\/div> \n\t\t\t\t\t\t<\/div><\/div><\/div>\n\t\t<\/div> \n\t<\/div> \n\t\t\t<\/div> \n\t\t<\/div>\n\t<\/div> \n<\/div><\/div>","protected":false},"excerpt":{"rendered":"Hier geht's zum ganzen TalkPlay Video Live-Podcast und Paneltalk \u00fcber meinen Lebensweg, Charisma, Selbstbewusstsein und das Modeln Anl\u00e4sslich des internationalen Frauentages war ich auf Einladung der Ober\u00f6sterreichischen Nachrichten in Linz....","protected":false},"author":1,"featured_media":9603,"comment_status":"open","ping_status":"open","sticky":false,"template":"","format":"standard","meta":{"footnotes":""},"categories":[20,18,19],"tags":[22,21,25,24,26,23],"class_list":{"0":"post-9616","1":"post","2":"type-post","3":"status-publish","4":"format-standard","5":"has-post-thumbnail","7":"category-auftritte","8":"category-podcast","9":"category-vortrag","10":"tag-charisma","11":"tag-frauentag","12":"tag-karriere","13":"tag-modelleben","14":"tag-schoenheit","15":"tag-selbstbewusstsein"},"yoast_head":"<!-- This site is optimized with the Yoast SEO Premium plugin v26.7 (Yoast SEO v27.5) - https:\/\/yoast.com\/product\/yoast-seo-premium-wordpress\/ -->\n<title>Live-Podcast &amp; Podiumsdiskussion beim O\u00d6N Frauentag - Martina Gleissenebner-Teskey<\/title>\n<meta name=\"description\" content=\"Live-Podcast und Paneltalk \u00fcber meinen Lebensweg, Charisma, Selbstbewusstsein und das Modeln beim O\u00d6N Frauentag\" \/>\n<meta name=\"robots\" content=\"index, follow, max-snippet:-1, max-image-preview:large, max-video-preview:-1\" \/>\n<link rel=\"canonical\" href=\"https:\/\/martina-gleissenebner-teskey.com\/en\/2025\/03\/08\/live-podcast-panel-discussion-at-ooen-womens-day\/\" \/>\n<meta property=\"og:locale\" content=\"en_US\" \/>\n<meta property=\"og:type\" content=\"article\" \/>\n<meta property=\"og:title\" content=\"Live-Podcast &amp; Podiumsdiskussion beim O\u00d6N Frauentag\" \/>\n<meta property=\"og:description\" content=\"Live-Podcast und Paneltalk \u00fcber meinen Lebensweg, Charisma, Selbstbewusstsein und das Modeln beim O\u00d6N Frauentag\" \/>\n<meta property=\"og:url\" content=\"https:\/\/martina-gleissenebner-teskey.com\/en\/2025\/03\/08\/live-podcast-panel-discussion-at-ooen-womens-day\/\" \/>\n<meta property=\"og:site_name\" content=\"Martina Gleissenebner-Teskey\" \/>\n<meta property=\"article:publisher\" content=\"https:\/\/www.facebook.com\/martina.gleissenebnerteskey.training\/\" \/>\n<meta property=\"article:published_time\" content=\"2025-03-08T17:08:32+00:00\" \/>\n<meta property=\"article:modified_time\" content=\"2025-03-11T09:56:42+00:00\" \/>\n<meta property=\"og:image\" content=\"https:\/\/martina-gleissenebner-teskey.com\/wp-content\/uploads\/2025\/03\/IMG_9139.jpg\" \/>\n\t<meta property=\"og:image:width\" content=\"1241\" \/>\n\t<meta property=\"og:image:height\" content=\"674\" \/>\n\t<meta property=\"og:image:type\" content=\"image\/jpeg\" \/>\n<meta name=\"author\" content=\"Martina\" \/>\n<meta name=\"twitter:card\" content=\"summary_large_image\" \/>\n<meta name=\"twitter:label1\" content=\"Written by\" \/>\n\t<meta name=\"twitter:data1\" content=\"Martina\" \/>\n\t<meta name=\"twitter:label2\" content=\"Est. reading time\" \/>\n\t<meta name=\"twitter:data2\" content=\"4 minutes\" \/>\n<script type=\"application\/ld+json\" class=\"yoast-schema-graph\">{\"@context\":\"https:\\\/\\\/schema.org\",\"@graph\":[{\"@type\":\"Article\",\"@id\":\"https:\\\/\\\/martina-gleissenebner-teskey.com\\\/2025\\\/03\\\/08\\\/live-podcast-podiumsdiskussion-beim-ooen-frauentag\\\/#article\",\"isPartOf\":{\"@id\":\"https:\\\/\\\/martina-gleissenebner-teskey.com\\\/2025\\\/03\\\/08\\\/live-podcast-podiumsdiskussion-beim-ooen-frauentag\\\/\"},\"author\":{\"name\":\"Martina\",\"@id\":\"https:\\\/\\\/martina-gleissenebner-teskey.com\\\/#\\\/schema\\\/person\\\/dd24cbe351cc5479e1a1e033917caf90\"},\"headline\":\"Live-Podcast &#038; Podiumsdiskussion beim O\u00d6N Frauentag\",\"datePublished\":\"2025-03-08T17:08:32+00:00\",\"dateModified\":\"2025-03-11T09:56:42+00:00\",\"mainEntityOfPage\":{\"@id\":\"https:\\\/\\\/martina-gleissenebner-teskey.com\\\/2025\\\/03\\\/08\\\/live-podcast-podiumsdiskussion-beim-ooen-frauentag\\\/\"},\"wordCount\":656,\"commentCount\":0,\"image\":{\"@id\":\"https:\\\/\\\/martina-gleissenebner-teskey.com\\\/2025\\\/03\\\/08\\\/live-podcast-podiumsdiskussion-beim-ooen-frauentag\\\/#primaryimage\"},\"thumbnailUrl\":\"https:\\\/\\\/martina-gleissenebner-teskey.com\\\/wp-content\\\/uploads\\\/2025\\\/03\\\/IMG_9139.jpg\",\"keywords\":[\"Charisma\",\"Frauentag\",\"Karriere\",\"Modelleben\",\"Sch\u00f6nheit\",\"Selbstbewusstsein\"],\"articleSection\":[\"Auftritte\",\"Podcast\",\"Vortrag\"],\"inLanguage\":\"en-US\",\"potentialAction\":[{\"@type\":\"CommentAction\",\"name\":\"Comment\",\"target\":[\"https:\\\/\\\/martina-gleissenebner-teskey.com\\\/2025\\\/03\\\/08\\\/live-podcast-podiumsdiskussion-beim-ooen-frauentag\\\/#respond\"]}]},{\"@type\":\"WebPage\",\"@id\":\"https:\\\/\\\/martina-gleissenebner-teskey.com\\\/2025\\\/03\\\/08\\\/live-podcast-podiumsdiskussion-beim-ooen-frauentag\\\/\",\"url\":\"https:\\\/\\\/martina-gleissenebner-teskey.com\\\/2025\\\/03\\\/08\\\/live-podcast-podiumsdiskussion-beim-ooen-frauentag\\\/\",\"name\":\"Live-Podcast & Podiumsdiskussion beim O\u00d6N Frauentag - Martina Gleissenebner-Teskey\",\"isPartOf\":{\"@id\":\"https:\\\/\\\/martina-gleissenebner-teskey.com\\\/#website\"},\"primaryImageOfPage\":{\"@id\":\"https:\\\/\\\/martina-gleissenebner-teskey.com\\\/2025\\\/03\\\/08\\\/live-podcast-podiumsdiskussion-beim-ooen-frauentag\\\/#primaryimage\"},\"image\":{\"@id\":\"https:\\\/\\\/martina-gleissenebner-teskey.com\\\/2025\\\/03\\\/08\\\/live-podcast-podiumsdiskussion-beim-ooen-frauentag\\\/#primaryimage\"},\"thumbnailUrl\":\"https:\\\/\\\/martina-gleissenebner-teskey.com\\\/wp-content\\\/uploads\\\/2025\\\/03\\\/IMG_9139.jpg\",\"datePublished\":\"2025-03-08T17:08:32+00:00\",\"dateModified\":\"2025-03-11T09:56:42+00:00\",\"author\":{\"@id\":\"https:\\\/\\\/martina-gleissenebner-teskey.com\\\/#\\\/schema\\\/person\\\/dd24cbe351cc5479e1a1e033917caf90\"},\"description\":\"Live-Podcast und Paneltalk \u00fcber meinen Lebensweg, Charisma, Selbstbewusstsein und das Modeln beim O\u00d6N Frauentag\",\"breadcrumb\":{\"@id\":\"https:\\\/\\\/martina-gleissenebner-teskey.com\\\/2025\\\/03\\\/08\\\/live-podcast-podiumsdiskussion-beim-ooen-frauentag\\\/#breadcrumb\"},\"inLanguage\":\"en-US\",\"potentialAction\":[{\"@type\":\"ReadAction\",\"target\":[\"https:\\\/\\\/martina-gleissenebner-teskey.com\\\/2025\\\/03\\\/08\\\/live-podcast-podiumsdiskussion-beim-ooen-frauentag\\\/\"]}]},{\"@type\":\"ImageObject\",\"inLanguage\":\"en-US\",\"@id\":\"https:\\\/\\\/martina-gleissenebner-teskey.com\\\/2025\\\/03\\\/08\\\/live-podcast-podiumsdiskussion-beim-ooen-frauentag\\\/#primaryimage\",\"url\":\"https:\\\/\\\/martina-gleissenebner-teskey.com\\\/wp-content\\\/uploads\\\/2025\\\/03\\\/IMG_9139.jpg\",\"contentUrl\":\"https:\\\/\\\/martina-gleissenebner-teskey.com\\\/wp-content\\\/uploads\\\/2025\\\/03\\\/IMG_9139.jpg\",\"width\":1241,\"height\":674,\"caption\":\"Martina Gleissenebner-Teskey, Doris Grausam, Andrea Neuhold im Talk mit Valerie Hader und Verena Gabriel \u00fcber Sch\u00f6nheit, Charisma, Selbstbewusstsein, Walk4future und die Karriere als Model\"},{\"@type\":\"BreadcrumbList\",\"@id\":\"https:\\\/\\\/martina-gleissenebner-teskey.com\\\/2025\\\/03\\\/08\\\/live-podcast-podiumsdiskussion-beim-ooen-frauentag\\\/#breadcrumb\",\"itemListElement\":[{\"@type\":\"ListItem\",\"position\":1,\"name\":\"Startseite\",\"item\":\"https:\\\/\\\/martina-gleissenebner-teskey.com\\\/\"},{\"@type\":\"ListItem\",\"position\":2,\"name\":\"Live-Podcast &#038; Podiumsdiskussion beim O\u00d6N Frauentag\"}]},{\"@type\":\"WebSite\",\"@id\":\"https:\\\/\\\/martina-gleissenebner-teskey.com\\\/#website\",\"url\":\"https:\\\/\\\/martina-gleissenebner-teskey.com\\\/\",\"name\":\"Martina Gleissenebner-Teskey\",\"description\":\"The Personality Entrepreneur\",\"potentialAction\":[{\"@type\":\"SearchAction\",\"target\":{\"@type\":\"EntryPoint\",\"urlTemplate\":\"https:\\\/\\\/martina-gleissenebner-teskey.com\\\/?s={search_term_string}\"},\"query-input\":{\"@type\":\"PropertyValueSpecification\",\"valueRequired\":true,\"valueName\":\"search_term_string\"}}],\"inLanguage\":\"en-US\"},{\"@type\":\"Person\",\"@id\":\"https:\\\/\\\/martina-gleissenebner-teskey.com\\\/#\\\/schema\\\/person\\\/dd24cbe351cc5479e1a1e033917caf90\",\"name\":\"Martina\",\"sameAs\":[\"https:\\\/\\\/martina-gleissenebner-teskey.com\"],\"url\":\"https:\\\/\\\/martina-gleissenebner-teskey.com\\\/en\\\/author\\\/admin\\\/\"}]}<\/script>\n<!-- \/ Yoast SEO Premium plugin. -->","yoast_head_json":{"title":"Live podcast &amp; panel discussion at the O\u00d6N Women's Day - Martina Gleissenebner-Teskey","description":"Live podcast and panel talk about my life, charisma, self-confidence and modeling at the O\u00d6N Women's Day","robots":{"index":"index","follow":"follow","max-snippet":"max-snippet:-1","max-image-preview":"max-image-preview:large","max-video-preview":"max-video-preview:-1"},"canonical":"https:\/\/martina-gleissenebner-teskey.com\/en\/2025\/03\/08\/live-podcast-panel-discussion-at-ooen-womens-day\/","og_locale":"en_US","og_type":"article","og_title":"Live-Podcast & Podiumsdiskussion beim O\u00d6N Frauentag","og_description":"Live-Podcast und Paneltalk \u00fcber meinen Lebensweg, Charisma, Selbstbewusstsein und das Modeln beim O\u00d6N Frauentag","og_url":"https:\/\/martina-gleissenebner-teskey.com\/en\/2025\/03\/08\/live-podcast-panel-discussion-at-ooen-womens-day\/","og_site_name":"Martina Gleissenebner-Teskey","article_publisher":"https:\/\/www.facebook.com\/martina.gleissenebnerteskey.training\/","article_published_time":"2025-03-08T17:08:32+00:00","article_modified_time":"2025-03-11T09:56:42+00:00","og_image":[{"width":1241,"height":674,"url":"https:\/\/martina-gleissenebner-teskey.com\/wp-content\/uploads\/2025\/03\/IMG_9139.jpg","type":"image\/jpeg"}],"author":"Martina","twitter_card":"summary_large_image","twitter_misc":{"Written by":"Martina","Est. reading time":"4 minutes"},"schema":{"@context":"https:\/\/schema.org","@graph":[{"@type":"Article","@id":"https:\/\/martina-gleissenebner-teskey.com\/2025\/03\/08\/live-podcast-podiumsdiskussion-beim-ooen-frauentag\/#article","isPartOf":{"@id":"https:\/\/martina-gleissenebner-teskey.com\/2025\/03\/08\/live-podcast-podiumsdiskussion-beim-ooen-frauentag\/"},"author":{"name":"Martina","@id":"https:\/\/martina-gleissenebner-teskey.com\/#\/schema\/person\/dd24cbe351cc5479e1a1e033917caf90"},"headline":"Live-Podcast &#038; Podiumsdiskussion beim O\u00d6N Frauentag","datePublished":"2025-03-08T17:08:32+00:00","dateModified":"2025-03-11T09:56:42+00:00","mainEntityOfPage":{"@id":"https:\/\/martina-gleissenebner-teskey.com\/2025\/03\/08\/live-podcast-podiumsdiskussion-beim-ooen-frauentag\/"},"wordCount":656,"commentCount":0,"image":{"@id":"https:\/\/martina-gleissenebner-teskey.com\/2025\/03\/08\/live-podcast-podiumsdiskussion-beim-ooen-frauentag\/#primaryimage"},"thumbnailUrl":"https:\/\/martina-gleissenebner-teskey.com\/wp-content\/uploads\/2025\/03\/IMG_9139.jpg","keywords":["Charisma","Frauentag","Karriere","Modelleben","Sch\u00f6nheit","Selbstbewusstsein"],"articleSection":["Auftritte","Podcast","Vortrag"],"inLanguage":"en-US","potentialAction":[{"@type":"CommentAction","name":"Comment","target":["https:\/\/martina-gleissenebner-teskey.com\/2025\/03\/08\/live-podcast-podiumsdiskussion-beim-ooen-frauentag\/#respond"]}]},{"@type":"WebPage","@id":"https:\/\/martina-gleissenebner-teskey.com\/2025\/03\/08\/live-podcast-podiumsdiskussion-beim-ooen-frauentag\/","url":"https:\/\/martina-gleissenebner-teskey.com\/2025\/03\/08\/live-podcast-podiumsdiskussion-beim-ooen-frauentag\/","name":"Live podcast &amp; panel discussion at the O\u00d6N Women's Day - Martina Gleissenebner-Teskey","isPartOf":{"@id":"https:\/\/martina-gleissenebner-teskey.com\/#website"},"primaryImageOfPage":{"@id":"https:\/\/martina-gleissenebner-teskey.com\/2025\/03\/08\/live-podcast-podiumsdiskussion-beim-ooen-frauentag\/#primaryimage"},"image":{"@id":"https:\/\/martina-gleissenebner-teskey.com\/2025\/03\/08\/live-podcast-podiumsdiskussion-beim-ooen-frauentag\/#primaryimage"},"thumbnailUrl":"https:\/\/martina-gleissenebner-teskey.com\/wp-content\/uploads\/2025\/03\/IMG_9139.jpg","datePublished":"2025-03-08T17:08:32+00:00","dateModified":"2025-03-11T09:56:42+00:00","author":{"@id":"https:\/\/martina-gleissenebner-teskey.com\/#\/schema\/person\/dd24cbe351cc5479e1a1e033917caf90"},"description":"Live podcast and panel talk about my life, charisma, self-confidence and modeling at the O\u00d6N Women's Day","breadcrumb":{"@id":"https:\/\/martina-gleissenebner-teskey.com\/2025\/03\/08\/live-podcast-podiumsdiskussion-beim-ooen-frauentag\/#breadcrumb"},"inLanguage":"en-US","potentialAction":[{"@type":"ReadAction","target":["https:\/\/martina-gleissenebner-teskey.com\/2025\/03\/08\/live-podcast-podiumsdiskussion-beim-ooen-frauentag\/"]}]},{"@type":"ImageObject","inLanguage":"en-US","@id":"https:\/\/martina-gleissenebner-teskey.com\/2025\/03\/08\/live-podcast-podiumsdiskussion-beim-ooen-frauentag\/#primaryimage","url":"https:\/\/martina-gleissenebner-teskey.com\/wp-content\/uploads\/2025\/03\/IMG_9139.jpg","contentUrl":"https:\/\/martina-gleissenebner-teskey.com\/wp-content\/uploads\/2025\/03\/IMG_9139.jpg","width":1241,"height":674,"caption":"Martina Gleissenebner-Teskey, Doris Grausam, Andrea Neuhold im Talk mit Valerie Hader und Verena Gabriel \u00fcber Sch\u00f6nheit, Charisma, Selbstbewusstsein, Walk4future und die Karriere als Model"},{"@type":"BreadcrumbList","@id":"https:\/\/martina-gleissenebner-teskey.com\/2025\/03\/08\/live-podcast-podiumsdiskussion-beim-ooen-frauentag\/#breadcrumb","itemListElement":[{"@type":"ListItem","position":1,"name":"Startseite","item":"https:\/\/martina-gleissenebner-teskey.com\/"},{"@type":"ListItem","position":2,"name":"Live-Podcast &#038; Podiumsdiskussion beim O\u00d6N Frauentag"}]},{"@type":"WebSite","@id":"https:\/\/martina-gleissenebner-teskey.com\/#website","url":"https:\/\/martina-gleissenebner-teskey.com\/","name":"Martina Gleissenebner-Teskey","description":"The Personality Entrepreneur","potentialAction":[{"@type":"SearchAction","target":{"@type":"EntryPoint","urlTemplate":"https:\/\/martina-gleissenebner-teskey.com\/?s={search_term_string}"},"query-input":{"@type":"PropertyValueSpecification","valueRequired":true,"valueName":"search_term_string"}}],"inLanguage":"en-US"},{"@type":"Person","@id":"https:\/\/martina-gleissenebner-teskey.com\/#\/schema\/person\/dd24cbe351cc5479e1a1e033917caf90","name":"Martina","sameAs":["https:\/\/martina-gleissenebner-teskey.com"],"url":"https:\/\/martina-gleissenebner-teskey.com\/en\/author\/admin\/"}]}},"_links":{"self":[{"href":"https:\/\/martina-gleissenebner-teskey.com\/en\/wp-json\/wp\/v2\/posts\/9616","targetHints":{"allow":["GET"]}}],"collection":[{"href":"https:\/\/martina-gleissenebner-teskey.com\/en\/wp-json\/wp\/v2\/posts"}],"about":[{"href":"https:\/\/martina-gleissenebner-teskey.com\/en\/wp-json\/wp\/v2\/types\/post"}],"author":[{"embeddable":true,"href":"https:\/\/martina-gleissenebner-teskey.com\/en\/wp-json\/wp\/v2\/users\/1"}],"replies":[{"embeddable":true,"href":"https:\/\/martina-gleissenebner-teskey.com\/en\/wp-json\/wp\/v2\/comments?post=9616"}],"version-history":[{"count":6,"href":"https:\/\/martina-gleissenebner-teskey.com\/en\/wp-json\/wp\/v2\/posts\/9616\/revisions"}],"predecessor-version":[{"id":9635,"href":"https:\/\/martina-gleissenebner-teskey.com\/en\/wp-json\/wp\/v2\/posts\/9616\/revisions\/9635"}],"wp:featuredmedia":[{"embeddable":true,"href":"https:\/\/martina-gleissenebner-teskey.com\/en\/wp-json\/wp\/v2\/media\/9603"}],"wp:attachment":[{"href":"https:\/\/martina-gleissenebner-teskey.com\/en\/wp-json\/wp\/v2\/media?parent=9616"}],"wp:term":[{"taxonomy":"category","embeddable":true,"href":"https:\/\/martina-gleissenebner-teskey.com\/en\/wp-json\/wp\/v2\/categories?post=9616"},{"taxonomy":"post_tag","embeddable":true,"href":"https:\/\/martina-gleissenebner-teskey.com\/en\/wp-json\/wp\/v2\/tags?post=9616"}],"curies":[{"name":"wp","href":"https:\/\/api.w.org\/{rel}","templated":true}]}}